{"id":13176,"date":"2022-09-23T18:44:13","date_gmt":"2022-09-23T21:44:13","guid":{"rendered":"https:\/\/hostnetart.com.br\/baixada\/populacao-bissexual-busca-visibilidade-neste-dia-23\/"},"modified":"2022-09-23T18:44:13","modified_gmt":"2022-09-23T21:44:13","slug":"populacao-bissexual-busca-visibilidade-neste-dia-23","status":"publish","type":"post","link":"https:\/\/hostnetart.com.br\/baixada\/populacao-bissexual-busca-visibilidade-neste-dia-23\/","title":{"rendered":"Popula\u00e7\u00e3o bissexual busca visibilidade neste dia 23"},"content":{"rendered":"<p>A comunidade bissexual luta, no dia 23 de setembro, pelo reconhecimento \u00e0 sua presen\u00e7a social e pelo fim do preconceito, do \u00f3dio, da desconfian\u00e7a e da nega\u00e7\u00e3o. A bifobia, entre as formas de desrespeito e agress\u00f5es \u00e0s diversidades, \u00e9 marcada por uma caracter\u00edstica peculiar, pois ocorre por parte de pessoas tanto das popula\u00e7\u00f5es heterossexuais como das de LGBTQIA+.<\/p>\n<p>Para Adilson Barros, da dire\u00e7\u00e3o executiva da Confedera\u00e7\u00e3o Nacional dos Trabalhadores do Ramo Financeiro (Contraf-CUT), \u201ca import\u00e2ncia desta celebra\u00e7\u00e3o \u00e9 reconhecer que a bissexualidade existe de fato, luta por seus direitos, \u00e9 discriminada na sociedade e, infelizmente, dentro da comunidade LGBTQIA+ tamb\u00e9m\u201d.<\/p>\n<p>Adilson, que tamb\u00e9m \u00e9 militante LGBTQIA+, observou que, por outro lado, est\u00e3o surgindo sinais positivos contra essa tend\u00eancia mais conservadora e preconceituosa. \u201cH\u00e1 um movimento constante de celebridades e pessoas p\u00fablicas se autodeclarando bi, trazendo o tema como pauta no combate \u00e0 discrimina\u00e7\u00e3o. Basta, \u00e9 preciso entender que as pessoas bissexuais n\u00e3o est\u00e3o confusas ou indecisas! Toda forma de amor vale a pena!\u201d.<\/p>\n<h3><strong>Direitos<\/strong><\/h3>\n<p>Os direitos da pessoa bissexual n\u00e3o s\u00e3o particularizados pela legisla\u00e7\u00e3o brasileira, mas englobados nas conquistas da comunidade LGBTQIA+ como um todo. Em 2019, por exemplo, o Supremo Tribunal Federal (STF), definiu como crime, em diversos tipos penais, toda discrimina\u00e7\u00e3o por orienta\u00e7\u00e3o sexual e identidade de g\u00eanero, independente da forma de sua manifesta\u00e7\u00e3o, o que inclui a pessoa bissexual.<\/p>\n<p>Organismos internacionais j\u00e1 se pronunciaram sobre a quest\u00e3o, como a Organiza\u00e7\u00e3o das Na\u00e7\u00f5es Unidas (ONU), que orientou os pa\u00edses a tratar a viol\u00eancia contra bissexuais como viola\u00e7\u00e3o de direitos b\u00e1sicos da pessoa, e a Comiss\u00e3o Interamericana de Direitos Humanos (CIDH), que chamou a aten\u00e7\u00e3o para o fato de que bissexuais podem estar mais suscet\u00edveis a problemas mentais, exatamente pela falta de visibilidade social.<\/p>\n<p>O\u00a0<a href=\"https:\/\/site.cfp.org.br\/cfp-publica-resolucao-sobre-bissexualidades\/#:~:text=%E2%80%9CVamos%20hoje%20dar%20mais%20um,maio%20de%202022%E2%80%9D%2C%20pontuou\" target=\"_blank\" rel=\"noopener noreferrer\">Conselho Federal de Psicologia (CFP) publicou recentemente um documento com posturas para o atendimento dessa popula\u00e7\u00e3o<\/a>. As diretrizes do CFP pro\u00edbem o psic\u00f3logo de tentar promover qualquer tipo de \u201ccura\u201d ou direcionamento da sexualidade. A secret\u00e1ria da Juventude da Contraf-CUT, Bianca Garbelini, a Bia, avaliou que \u201cesta foi uma importante conquista da popula\u00e7\u00e3o bissexual, que deve ser celebrada\u201d.<\/p>\n<p><a href=\"https:\/\/www.oas.org\/pt\/cidh\/jsForm\/?File=\/pt\/cidh\/prensa\/notas\/2021\/250.asp#:~:text=A%20Comiss%C3%A3o%20lembra%20que%20as,ao%20longo%20da%20sua%20vida.\" target=\"_blank\" rel=\"noopener noreferrer\">A CIDH, tamb\u00e9m pede que os pa\u00edses americanos se dediquem a coletar e sistematizar dados a respeito da viol\u00eancia e discrimina\u00e7\u00e3o contra bissexuais<\/a>, para que esses levantamentos sirvam de base para ado\u00e7\u00e3o de medidas para a garantia de seus direitos. Conforme observou Bia, que tamb\u00e9m \u00e9 militante LGBTQIA+, \u201ca visibilidade \u00e9 imprescind\u00edvel para que haja dados sobre a popula\u00e7\u00e3o bissexual. O respeito por essas pessoas \u00e9 um direito fundamental\u201d.<\/p>\n<h3><strong>A data<\/strong><\/h3>\n<p>O Dia da Visibilidade Bissexual surgiu em 1999, a partir da iniciativa de tr\u00eas ativistas estadunidenses. Para Wendy Curry, Michael Page e Gigi Raven Wilbur, mesmo ap\u00f3s a\u00a0<a href=\"https:\/\/contrafcut.com.br\/noticias\/dia-internacional-do-orgulho-lgbtqia-para-reflexao-e-respeito\/?swcfpc=1\">Rebeli\u00e3o de\u00a0<\/a><a href=\"https:\/\/contrafcut.com.br\/noticias\/dia-internacional-do-orgulho-lgbtqia-para-reflexao-e-respeito\/?swcfpc=1\" target=\"_blank\" rel=\"noopener noreferrer\">Stonewall<\/a><a href=\"https:\/\/contrafcut.com.br\/noticias\/dia-internacional-do-orgulho-lgbtqia-para-reflexao-e-respeito\/?swcfpc=1\">\u00a0Inn<\/a>, em Nova York, em 1969, com a qual os movimentos LGBTQIA+ ganharam mais for\u00e7a mundo afora, as pessoas bissexuais seguiam sem visibilidade, necess\u00e1ria para combater tanto a bifobia, como os estigmas de que elas s\u00e3o adeptas de promiscuidade e inseguras quanto a sua identidade afetiva.<\/p>\n<p>Como ressaltou Bia, \u201c\u00e9 preciso acabar de vez com estes estere\u00f3tipos que estabelecem pessoas bissexuais como prom\u00edscuas ou incapazes de manter relacionamentos est\u00e1veis. As pessoas devem ter a liberdade de viver como quiserem, sem r\u00f3tulos que as associem a este ou aquele comportamento\u201d.<\/p>\n<p>No Brasil, o Dia da Visibilidade Bissexual ainda n\u00e3o foi estabelecido nacionalmente, por\u00e9m alguns movimentos favor\u00e1veis a isso come\u00e7am a ocorrer. Em agosto de 2021, por exemplo, Porto Alegre incluiu a celebra\u00e7\u00e3o no calend\u00e1rio oficial das datas comemorativas e de conscientiza\u00e7\u00e3o da cidade, a partir de lei proposta pela vereadora Daiana Santos (PCdoB).<\/p>\n<p><strong>Fonte: Contraf-CUT<\/strong><\/p>\n","protected":false},"excerpt":{"rendered":"<p>A comunidade bissexual luta, no dia 23 de setembro, pelo reconhecimento \u00e0 sua presen\u00e7a social e pelo fim do preconceito, do \u00f3dio, da desconfian\u00e7a e da nega\u00e7\u00e3o. A bifobia, entre as formas de desrespeito e agress\u00f5es \u00e0s diversidades, \u00e9 marcada por uma caracter\u00edstica peculiar, pois ocorre por parte de pessoas tanto das popula\u00e7\u00f5es heterossexuais como [&hellip;]<\/p>\n","protected":false},"author":2,"featured_media":13175,"comment_status":"","ping_status":"","sticky":false,"template":"","format":"standard","meta":{"footnotes":""},"categories":[3],"tags":[],"class_list":["post-13176","post","type-post","status-publish","format-standard","has-post-thumbnail","hentry","category-noticias"],"_links":{"self":[{"href":"https:\/\/hostnetart.com.br\/baixada\/wp-json\/wp\/v2\/posts\/13176","targetHints":{"allow":["GET"]}}],"collection":[{"href":"https:\/\/hostnetart.com.br\/baixada\/wp-json\/wp\/v2\/posts"}],"about":[{"href":"https:\/\/hostnetart.com.br\/baixada\/wp-json\/wp\/v2\/types\/post"}],"author":[{"embeddable":true,"href":"https:\/\/hostnetart.com.br\/baixada\/wp-json\/wp\/v2\/users\/2"}],"replies":[{"embeddable":true,"href":"https:\/\/hostnetart.com.br\/baixada\/wp-json\/wp\/v2\/comments?post=13176"}],"version-history":[{"count":0,"href":"https:\/\/hostnetart.com.br\/baixada\/wp-json\/wp\/v2\/posts\/13176\/revisions"}],"wp:featuredmedia":[{"embeddable":true,"href":"https:\/\/hostnetart.com.br\/baixada\/wp-json\/wp\/v2\/media\/13175"}],"wp:attachment":[{"href":"https:\/\/hostnetart.com.br\/baixada\/wp-json\/wp\/v2\/media?parent=13176"}],"wp:term":[{"taxonomy":"category","embeddable":true,"href":"https:\/\/hostnetart.com.br\/baixada\/wp-json\/wp\/v2\/categories?post=13176"},{"taxonomy":"post_tag","embeddable":true,"href":"https:\/\/hostnetart.com.br\/baixada\/wp-json\/wp\/v2\/tags?post=13176"}],"curies":[{"name":"wp","href":"https:\/\/api.w.org\/{rel}","templated":true}]}}