{"id":13174,"date":"2022-09-23T12:33:24","date_gmt":"2022-09-23T15:33:24","guid":{"rendered":"https:\/\/hostnetart.com.br\/baixada\/empregados-cobram-resultado-de-investigacoes-de-assedio-na-caixa\/"},"modified":"2022-09-23T12:33:24","modified_gmt":"2022-09-23T15:33:24","slug":"empregados-cobram-resultado-de-investigacoes-de-assedio-na-caixa","status":"publish","type":"post","link":"https:\/\/hostnetart.com.br\/baixada\/empregados-cobram-resultado-de-investigacoes-de-assedio-na-caixa\/","title":{"rendered":"Empregados cobram resultado de investiga\u00e7\u00f5es de ass\u00e9dio na Caixa"},"content":{"rendered":"<p>A Confedera\u00e7\u00e3o Nacional dos Trabalhadores do Ramo Financeiro (Contraf-CUT) e a Federa\u00e7\u00e3o Nacional das Associa\u00e7\u00f5es do Pessoal da Caixa Econ\u00f4mica Federal (Fenae) cobram resposta ao\u00a0<a href=\"https:\/\/contrafcut.com.br\/wp-content\/uploads\/2022\/09\/15092022-oficio-caecaixa.pdf\" target=\"_blank\" rel=\"noopener noreferrer\">of\u00edcio enviado ao banco<\/a>\u00a0no dia 16 de setembro solicitando informa\u00e7\u00f5es sobre a apura\u00e7\u00e3o das den\u00fancias de ass\u00e9dio sexual contra Pedro Guimar\u00e3es e outros ex-dirigentes da Caixa.<\/p>\n<p>\u201cQuando assumiu a presid\u00eancia da Caixa, Daniella Marques prometeu apura\u00e7\u00e3o r\u00edgida e \u00e1gil. Mas, j\u00e1 se passaram quase 90 dias e, mesmo com as in\u00fameras den\u00fancias, at\u00e9 o momento n\u00e3o houve desfecho das investiga\u00e7\u00f5es\u201d, disse o dirigente da Contraf-CUT, Rafael de Castro. \u201cSer\u00e1 que v\u00e3o querer imitar nosso dign\u00edssimo presidente da Rep\u00fablica e impor sigilo de 100 anos no processo? Ou est\u00e3o esperando passar as elei\u00e7\u00f5es?\u201d, questionou o dirigente, ao lembrar que Pedro Guimar\u00e3es era bra\u00e7o direito de Bolsonaro.<\/p>\n<p>Para a diretora executiva da Contraf-CUT, Eliana Brasil, a demora na resposta pode dar a impress\u00e3o de que as den\u00fancias ficar\u00e3o impunes. \u201cA demora na resposta faz com que a gente sinta cheiro de pizza. E tenho certeza que era justamente para se evitar esta impress\u00e3o que, quando assumiu a presid\u00eancia, a Daniella disse que haveria uma resposta r\u00e1pida sobre o caso\u201d, disse. \u201cAgora, resta saber se ela realmente vai cumprir o que falou diante das c\u00e2meras da Globo para tentar apaziguar a situa\u00e7\u00e3o naquele momento. A depender de sua atitude, vamos ver se ela realmente tem a inten\u00e7\u00e3o de defender as mulheres e lutar contra o ass\u00e9dio na Caixa\u201d, completou.<\/p>\n<h3><strong>Ass\u00e9dio sexual \u00e9 crime!<\/strong><\/h3>\n<p>O presidente da Fenae, Sergio Takemoto, lembra que, no Brasil, o\u00a0<a href=\"https:\/\/www.tst.jus.br\/assedio-sexual\" target=\"_blank\" rel=\"noopener noreferrer\">ass\u00e9dio sexual \u00e9 crime<\/a>, definido no artigo 216-A do C\u00f3digo Penal, que prev\u00ea a pena de deten\u00e7\u00e3o de um a dois anos.<\/p>\n<p>\u201cSe apurada e comprovada a culpa, n\u00e3o se pode \u2018passar a m\u00e3o na cabe\u00e7a\u2019 somente porque trata-se de um ex-presidente do banco. Se \u00e9 culpado, deve responder na Justi\u00e7a comum pelo que fez, uma vez que o ass\u00e9dio sexual \u00e9 um crime com pena prevista no C\u00f3digo Penal\u201d, disse o presidente da Fenae. \u201cAl\u00e9m disso, a legisla\u00e7\u00e3o trabalhista tamb\u00e9m prev\u00ea indeniza\u00e7\u00e3o para repara\u00e7\u00e3o do dano causado \u00e0s v\u00edtimas\u201d, completou.<\/p>\n<h3><strong>Entenda o caso<\/strong><\/h3>\n<p>Pedro Guimar\u00e3es foi acusado de ass\u00e9dio sexual por v\u00e1rias empregadas da Caixa. A informa\u00e7\u00e3o foi divulgada no dia 28 de junho de 2022 pelo\u00a0<a href=\"https:\/\/www.metropoles.com\/colunas\/rodrigo-rangel\/exclusivo-funcionarias-denunciam-presidente-da-caixa-por-assedio-sexual\" target=\"_blank\" rel=\"noopener noreferrer\">site Metr\u00f3poles<\/a>. Em poucos minutos a not\u00edcia ganhou repercuss\u00e3o nacional, em especial na C\u00e2mara dos Deputados, onde v\u00e1rios parlamentares pediram em plen\u00e1rio a demiss\u00e3o do executivo.<\/p>\n<p>Segundo a reportagem, no fim de 2021, um grupo de empregadas, ligadas ao gabinete da presid\u00eancia da Caixa, rompeu o sil\u00eancio com uma den\u00fancia, ao Minist\u00e9rio P\u00fablico Federal (MPF), de ass\u00e9dios sexuais que vinham sofrendo. Desde ent\u00e3o, o MPF toca as investiga\u00e7\u00f5es em sigilo. Cinco das v\u00edtimas falaram \u00e0 reportagem citada sob anonimato.<\/p>\n<p>Nos testemunhos, elas contam que foram abusadas com toques em partes \u00edntimas sem consentimento, falas e abordagens inconvenientes e convites desrespeitosos, por parte do ent\u00e3o presidente da entidade. A maior parte dos relatos est\u00e1 ligada a atividades do programa Caixa Mais Brasil, realizadas em todo o pa\u00eds. Pelo programa, desde 2019, j\u00e1 ocorreram mais de 140 viagens, em que estavam Pedro Guimar\u00e3es e equipe. Nesses eventos profissionais, todos ficavam no mesmo hotel, onde ocorriam os ass\u00e9dios.<\/p>\n<p>No dia 29 de junho, Pedro Guimar\u00e3es entregou ao presidente da Rep\u00fablica, Jair Bolsonaro, seu\u00a0<a href=\"https:\/\/contrafcut.com.br\/noticias\/acusado-de-assedio-sexual-pedro-guimaraes-pede-demissao\" target=\"_blank\" rel=\"noopener noreferrer\">pedido de demiss\u00e3o<\/a>\u00a0da presid\u00eancia da Caixa.<\/p>\n<p><strong>Fonte: Contraf-CUT<\/strong><\/p>\n","protected":false},"excerpt":{"rendered":"<p>A Confedera\u00e7\u00e3o Nacional dos Trabalhadores do Ramo Financeiro (Contraf-CUT) e a Federa\u00e7\u00e3o Nacional das Associa\u00e7\u00f5es do Pessoal da Caixa Econ\u00f4mica Federal (Fenae) cobram resposta ao\u00a0of\u00edcio enviado ao banco\u00a0no dia 16 de setembro solicitando informa\u00e7\u00f5es sobre a apura\u00e7\u00e3o das den\u00fancias de ass\u00e9dio sexual contra Pedro Guimar\u00e3es e outros ex-dirigentes da Caixa. \u201cQuando assumiu a presid\u00eancia da [&hellip;]<\/p>\n","protected":false},"author":2,"featured_media":13173,"comment_status":"","ping_status":"","sticky":false,"template":"","format":"standard","meta":{"footnotes":""},"categories":[3],"tags":[],"class_list":["post-13174","post","type-post","status-publish","format-standard","has-post-thumbnail","hentry","category-noticias"],"_links":{"self":[{"href":"https:\/\/hostnetart.com.br\/baixada\/wp-json\/wp\/v2\/posts\/13174","targetHints":{"allow":["GET"]}}],"collection":[{"href":"https:\/\/hostnetart.com.br\/baixada\/wp-json\/wp\/v2\/posts"}],"about":[{"href":"https:\/\/hostnetart.com.br\/baixada\/wp-json\/wp\/v2\/types\/post"}],"author":[{"embeddable":true,"href":"https:\/\/hostnetart.com.br\/baixada\/wp-json\/wp\/v2\/users\/2"}],"replies":[{"embeddable":true,"href":"https:\/\/hostnetart.com.br\/baixada\/wp-json\/wp\/v2\/comments?post=13174"}],"version-history":[{"count":0,"href":"https:\/\/hostnetart.com.br\/baixada\/wp-json\/wp\/v2\/posts\/13174\/revisions"}],"wp:featuredmedia":[{"embeddable":true,"href":"https:\/\/hostnetart.com.br\/baixada\/wp-json\/wp\/v2\/media\/13173"}],"wp:attachment":[{"href":"https:\/\/hostnetart.com.br\/baixada\/wp-json\/wp\/v2\/media?parent=13174"}],"wp:term":[{"taxonomy":"category","embeddable":true,"href":"https:\/\/hostnetart.com.br\/baixada\/wp-json\/wp\/v2\/categories?post=13174"},{"taxonomy":"post_tag","embeddable":true,"href":"https:\/\/hostnetart.com.br\/baixada\/wp-json\/wp\/v2\/tags?post=13174"}],"curies":[{"name":"wp","href":"https:\/\/api.w.org\/{rel}","templated":true}]}}