{"id":13172,"date":"2022-09-23T12:28:55","date_gmt":"2022-09-23T15:28:55","guid":{"rendered":"https:\/\/hostnetart.com.br\/baixada\/santander-assembleias-aprovam-acordos-de-trabalho\/"},"modified":"2022-09-23T12:28:55","modified_gmt":"2022-09-23T15:28:55","slug":"santander-assembleias-aprovam-acordos-de-trabalho","status":"publish","type":"post","link":"https:\/\/hostnetart.com.br\/baixada\/santander-assembleias-aprovam-acordos-de-trabalho\/","title":{"rendered":"Santander: assembleias aprovam acordos de trabalho"},"content":{"rendered":"<div class=\"elementor-element elementor-element-194680ec elementor-widget elementor-widget-theme-post-content\" data-id=\"194680ec\" data-element_type=\"widget\" data-widget_type=\"theme-post-content.default\">\n<div class=\"elementor-widget-container\">\n<p>Funcion\u00e1rias e funcion\u00e1rios do banco Santander de todo o pa\u00eds aprovaram, nesta quinta-feira (22), com 97,18% dos votos, o Acordo Coletivo de Trabalho (ACT) geral dos funcion\u00e1rios, aditivo \u00e0 Conven\u00e7\u00e3o Coletiva de Trabalho (CCT) da categoria banc\u00e1ria, o ACT do Programa de Participa\u00e7\u00e3o nos Resultados Santander (PPRS) e o Termo de Rela\u00e7\u00f5es Laborais do banco. O percentual considera os resultados apenas das entidades sindicais que utilizam a plataforma de vota\u00e7\u00e3o eletr\u00f4nica disponibilizada pela Confedera\u00e7\u00e3o Nacional dos Trabalhadores do Ramo Financeiro (Contraf-CUT).<\/p>\n<h3><strong>Pontos positivos do acordo<\/strong><\/h3>\n<ul>\n<li>Extens\u00e3o do per\u00edodo de amamenta\u00e7\u00e3o de nove para 12 meses, podendo ser usufru\u00eddo pelo pai ou pela m\u00e3e;<\/li>\n<li>Manuten\u00e7\u00e3o do pagamento de PLR e Programa Pr\u00f3prio sem compensa\u00e7\u00e3o de um pelo outro, como pretendia o banco;<\/li>\n<li>Inclus\u00e3o de uma cl\u00e1usula de rep\u00fadio \u00e0 viol\u00eancia contra a mulher em que o banco se compromete a apoiar banc\u00e1rias v\u00edtimas de viol\u00eancia;<\/li>\n<li>Termo de rela\u00e7\u00f5es laborais para prevenir e coibir o ass\u00e9dio moral e sexual;<\/li>\n<li>Reajuste do valor das bolsas de gradua\u00e7\u00e3o e p\u00f3s-gradua\u00e7\u00e3o pelo INPC em 2023 e 2024;<\/li>\n<li>Validade do acordo de 1\u00ba de setembro de 2022 a 31 de agosto de 2024;<\/li>\n<li>PPRS reajustado em 2022 em 8%, que ser\u00e1 pago em fevereiro de 2023, em parcela \u00fanica no valor de R$ 3.355,73;<\/li>\n<li>Em fevereiro de 2024, ser\u00e1 pago o valor reajustado pelo INPC do per\u00edodo, mais 0,5%;<\/li>\n<li>Est\u00e3o mantidas as faixas de renda do PPRS.<\/li>\n<\/ul>\n<\/div>\n<\/div>\n<div class=\"elementor-element elementor-element-12fb8eb elementor-widget elementor-widget-heading\" data-id=\"12fb8eb\" data-element_type=\"widget\" data-widget_type=\"heading.default\">\n<div class=\"elementor-widget-container\">\n<h2 class=\"elementor-heading-title elementor-size-medium\"><strong>Fonte: Contraf-CUT<\/strong><\/h2>\n<\/div>\n<\/div>\n","protected":false},"excerpt":{"rendered":"<p>Funcion\u00e1rias e funcion\u00e1rios do banco Santander de todo o pa\u00eds aprovaram, nesta quinta-feira (22), com 97,18% dos votos, o Acordo Coletivo de Trabalho (ACT) geral dos funcion\u00e1rios, aditivo \u00e0 Conven\u00e7\u00e3o Coletiva de Trabalho (CCT) da categoria banc\u00e1ria, o ACT do Programa de Participa\u00e7\u00e3o nos Resultados Santander (PPRS) e o Termo de Rela\u00e7\u00f5es Laborais do banco. [&hellip;]<\/p>\n","protected":false},"author":2,"featured_media":13171,"comment_status":"","ping_status":"","sticky":false,"template":"","format":"standard","meta":{"footnotes":""},"categories":[3],"tags":[],"class_list":["post-13172","post","type-post","status-publish","format-standard","has-post-thumbnail","hentry","category-noticias"],"_links":{"self":[{"href":"https:\/\/hostnetart.com.br\/baixada\/wp-json\/wp\/v2\/posts\/13172","targetHints":{"allow":["GET"]}}],"collection":[{"href":"https:\/\/hostnetart.com.br\/baixada\/wp-json\/wp\/v2\/posts"}],"about":[{"href":"https:\/\/hostnetart.com.br\/baixada\/wp-json\/wp\/v2\/types\/post"}],"author":[{"embeddable":true,"href":"https:\/\/hostnetart.com.br\/baixada\/wp-json\/wp\/v2\/users\/2"}],"replies":[{"embeddable":true,"href":"https:\/\/hostnetart.com.br\/baixada\/wp-json\/wp\/v2\/comments?post=13172"}],"version-history":[{"count":0,"href":"https:\/\/hostnetart.com.br\/baixada\/wp-json\/wp\/v2\/posts\/13172\/revisions"}],"wp:featuredmedia":[{"embeddable":true,"href":"https:\/\/hostnetart.com.br\/baixada\/wp-json\/wp\/v2\/media\/13171"}],"wp:attachment":[{"href":"https:\/\/hostnetart.com.br\/baixada\/wp-json\/wp\/v2\/media?parent=13172"}],"wp:term":[{"taxonomy":"category","embeddable":true,"href":"https:\/\/hostnetart.com.br\/baixada\/wp-json\/wp\/v2\/categories?post=13172"},{"taxonomy":"post_tag","embeddable":true,"href":"https:\/\/hostnetart.com.br\/baixada\/wp-json\/wp\/v2\/tags?post=13172"}],"curies":[{"name":"wp","href":"https:\/\/api.w.org\/{rel}","templated":true}]}}