{"id":13164,"date":"2022-09-21T14:38:33","date_gmt":"2022-09-21T17:38:33","guid":{"rendered":"https:\/\/hostnetart.com.br\/baixada\/financiarios-se-reunem-com-a-fenacrefi-na-quinta-feira-22\/"},"modified":"2022-09-21T14:38:33","modified_gmt":"2022-09-21T17:38:33","slug":"financiarios-se-reunem-com-a-fenacrefi-na-quinta-feira-22","status":"publish","type":"post","link":"https:\/\/hostnetart.com.br\/baixada\/financiarios-se-reunem-com-a-fenacrefi-na-quinta-feira-22\/","title":{"rendered":"Financi\u00e1rios se re\u00fanem com a Fenacrefi na quinta-feira (22)"},"content":{"rendered":"<p>Representantes dos financi\u00e1rios se re\u00fanem com a Federa\u00e7\u00e3o Interestadual das Institui\u00e7\u00f5es de Cr\u00e9dito, Financiamento e Investimento (Fenacrefi), na quinta-feira (22), \u00e0s 11h, para dar continuidade \u00e0s negocia\u00e7\u00f5es da campanha salarial da categoria.\u00a0<a href=\"https:\/\/contrafcut.com.br\/noticias\/contraf-cut-cobra-celeridade-da-fenacrefi\/\" target=\"_blank\" rel=\"noopener noreferrer\">Nesta segunda-feira (19), a Confedera\u00e7\u00e3o Nacional dos Trabalhadores do Ramo Financeiro (Contraf-CUT) cobrou o retorno da Fenacrefi<\/a>, para a mesa de negocia\u00e7\u00f5es da Campanha Nacional 2022 com os representantes dos financi\u00e1rios.<\/p>\n<p><a href=\"https:\/\/contrafcut.com.br\/noticias\/movimento-sindical-entrega-pauta-de-reivindicacoes-dos-financiarios-a-fenacrefi\/\" target=\"_blank\" rel=\"noopener noreferrer\">A pauta de reivindica\u00e7\u00f5es da categoria, com data-base em 1\u00ba de junho, foi entregue no dia 15 de junho<\/a>. De l\u00e1 para c\u00e1, apenas uma reuni\u00e3o foi realizada,\u00a0<a href=\"https:\/\/contrafcut.com.br\/noticias\/proposta-a-financiarios-ainda-e-baixa\/\" target=\"_blank\" rel=\"noopener noreferrer\">no dia 31 de agosto, na qual os financi\u00e1rios receberam uma proposta de 8% de reajuste nos itens econ\u00f4micos, para o pr\u00f3ximo per\u00edodo de um ano<\/a>. A categoria exige um \u00edndice maior, pr\u00f3ximo do INPC do per\u00edodo, que \u00e9 de 11,9%, bem como um acordo que englobe um per\u00edodo de mais 12 meses.<\/p>\n<p>O dirigente sindical e coordenador do Coletivo dos Financi\u00e1rios da Contraf-CUT, Jair Alves, espera que a Fenacrefi apresente uma proposta que responda por completo a pauta de reivindica\u00e7\u00f5es. \u201cA categoria quer a manuten\u00e7\u00e3o de todos os direitos previstos na atual Conven\u00e7\u00e3o Coletiva de Trabalho, avan\u00e7ar com a regulamenta\u00e7\u00e3o do teletrabalho e melhorias nas quest\u00f5es de sa\u00fade, como aumento do prazo de extens\u00e3o do plano aos demitidos e cl\u00e1usulas espec\u00edficas sobre tratamento da covid e suas sequelas. Os financi\u00e1rios tamb\u00e9m pedem transpar\u00eancia nos dados das empresas, quantas s\u00e3o e qual o n\u00famero de funcion\u00e1rios, para que as negocia\u00e7\u00f5es possam ser mais representativas, para atender de fato \u00e0s necessidades da categoria\u201d.<\/p>\n<p><strong>Fonte: Contraf-CUT<\/strong><\/p>\n","protected":false},"excerpt":{"rendered":"<p>Representantes dos financi\u00e1rios se re\u00fanem com a Federa\u00e7\u00e3o Interestadual das Institui\u00e7\u00f5es de Cr\u00e9dito, Financiamento e Investimento (Fenacrefi), na quinta-feira (22), \u00e0s 11h, para dar continuidade \u00e0s negocia\u00e7\u00f5es da campanha salarial da categoria.\u00a0Nesta segunda-feira (19), a Confedera\u00e7\u00e3o Nacional dos Trabalhadores do Ramo Financeiro (Contraf-CUT) cobrou o retorno da Fenacrefi, para a mesa de negocia\u00e7\u00f5es da Campanha [&hellip;]<\/p>\n","protected":false},"author":2,"featured_media":13163,"comment_status":"","ping_status":"","sticky":false,"template":"","format":"standard","meta":{"footnotes":""},"categories":[3],"tags":[],"class_list":["post-13164","post","type-post","status-publish","format-standard","has-post-thumbnail","hentry","category-noticias"],"_links":{"self":[{"href":"https:\/\/hostnetart.com.br\/baixada\/wp-json\/wp\/v2\/posts\/13164","targetHints":{"allow":["GET"]}}],"collection":[{"href":"https:\/\/hostnetart.com.br\/baixada\/wp-json\/wp\/v2\/posts"}],"about":[{"href":"https:\/\/hostnetart.com.br\/baixada\/wp-json\/wp\/v2\/types\/post"}],"author":[{"embeddable":true,"href":"https:\/\/hostnetart.com.br\/baixada\/wp-json\/wp\/v2\/users\/2"}],"replies":[{"embeddable":true,"href":"https:\/\/hostnetart.com.br\/baixada\/wp-json\/wp\/v2\/comments?post=13164"}],"version-history":[{"count":0,"href":"https:\/\/hostnetart.com.br\/baixada\/wp-json\/wp\/v2\/posts\/13164\/revisions"}],"wp:featuredmedia":[{"embeddable":true,"href":"https:\/\/hostnetart.com.br\/baixada\/wp-json\/wp\/v2\/media\/13163"}],"wp:attachment":[{"href":"https:\/\/hostnetart.com.br\/baixada\/wp-json\/wp\/v2\/media?parent=13164"}],"wp:term":[{"taxonomy":"category","embeddable":true,"href":"https:\/\/hostnetart.com.br\/baixada\/wp-json\/wp\/v2\/categories?post=13164"},{"taxonomy":"post_tag","embeddable":true,"href":"https:\/\/hostnetart.com.br\/baixada\/wp-json\/wp\/v2\/tags?post=13164"}],"curies":[{"name":"wp","href":"https:\/\/api.w.org\/{rel}","templated":true}]}}