{"id":13158,"date":"2022-09-20T14:08:55","date_gmt":"2022-09-20T17:08:55","guid":{"rendered":"https:\/\/hostnetart.com.br\/baixada\/falta-de-correcao-na-tabela-do-ir-corroi-renda-dos-trabalhadores\/"},"modified":"2022-09-20T14:08:55","modified_gmt":"2022-09-20T17:08:55","slug":"falta-de-correcao-na-tabela-do-ir-corroi-renda-dos-trabalhadores","status":"publish","type":"post","link":"https:\/\/hostnetart.com.br\/baixada\/falta-de-correcao-na-tabela-do-ir-corroi-renda-dos-trabalhadores\/","title":{"rendered":"Falta de corre\u00e7\u00e3o na tabela do IR corr\u00f3i renda dos trabalhadores"},"content":{"rendered":"<p>Muitos banc\u00e1rios se espantaram com o desconto retido na fonte sobre seus sal\u00e1rios e sobre a primeira parcela da Participa\u00e7\u00e3o nos Lucros e\/ou Resultados recebida neste m\u00eas de setembro. Isso acontece em decorr\u00eancia da falta de corre\u00e7\u00e3o da tabela do Imposto de Renda. \u201cComo a tabela n\u00e3o foi corrigida, mas a PLR e os sal\u00e1rios aumentaram, alguns trabalhadores subiram de faixa de tributa\u00e7\u00e3o e passaram a ter uma porcentagem maior de desconto\u201d, explicou o economista Gustavo Cavarzan, do Departamento Intersindical de Estat\u00edstica e Estudos Socioecon\u00f4micos (Dieese). \u201cE, desde 2015 n\u00e3o h\u00e1 corre\u00e7\u00e3o da tabela do IR. Ent\u00e3o, a cada ano aumenta o n\u00famero de trabalhadores que contribuem e cada vez mais\u201d, completou.<\/p>\n<p>Por exemplo, um trabalhador que ganhava R$ 4.000,00 antes do reajuste de 8% nos sal\u00e1rios, obtido na Campanha Nacional deste ano, pagava R$ 396,18 de INSS e se enquadrava na faixa de desconto de IR de 15%. Ap\u00f3s o reajuste de 8% o sal\u00e1rio passou a R$ 4.320,00. O desconto do INSS passou a R$ 440,98 e o trabalhador mudou para a faixa de desconto de IR de 22,5%.<\/p>\n<p>\u201c\u00c9 um absurdo a gente lutar para arrancar dos bancos o reajuste nos sal\u00e1rios e vermos o que conquistamos ir para os cofres do governo devido \u00e0 falta de reajuste nos valores das faixas de tributa\u00e7\u00e3o\u201d, criticou a presidenta da Confedera\u00e7\u00e3o Nacional dos Trabalhadores do Ramo Financeiro (Contraf-CUT), Juvandia Moreira. \u201cEm 2018, na campanha eleitoral passada, o atual candidato \u00e0 reelei\u00e7\u00e3o \u00e0 presid\u00eancia da Rep\u00fablica havia prometido reajustar a tabela do IR. N\u00e3o corrigiu. Assim como tamb\u00e9m havia prometido isentar quem ganhasse at\u00e9 R$ 5.000. Tamb\u00e9m n\u00e3o cumpriu esta promessa\u201d, completou.<\/p>\n<p>C\u00e1lculos do Dieese apontam que, por exemplo, quem tem sal\u00e1rio bruto de R$ 5.000, caso a tabela tivesse sido corrigida pelo IPCA acumulado de 2015 at\u00e9 2022, teria, no ano, R$ 3.175,42 a menos de tributa\u00e7\u00e3o em seus sal\u00e1rios (veja tabela com outras faixas salariais).<\/p>\n<p>Juvandia observou ainda que o atual governo optou por\u00a0<a href=\"https:\/\/economia.uol.com.br\/noticias\/reuters\/2022\/03\/02\/governo-zera-imposto-de-importacao-sobre-jet-ski-balao-e-dirigivel.htm\" target=\"_blank\" rel=\"noopener noreferrer\">zerar o imposto de importa\u00e7\u00e3o de jet sky<\/a>\u00a0ao inv\u00e9s de corrigir a tabela do Imposto de Renda. \u201cCom a n\u00e3o corre\u00e7\u00e3o da tabela do IR,\u00a0<a href=\"https:\/\/unafisconacional.org.br\/unafisco-na-midia-sem-correcao-da-tabela-do-ir-mais-de-15-milhoes-de-contribuintes-sao-prejudicados\/\" target=\"_blank\" rel=\"noopener noreferrer\">R$ 47 bi foram retirados das fam\u00edlias brasileiras<\/a>. A redu\u00e7\u00e3o do imposto para o jet sky beneficia apenas um pequeno n\u00famero de pessoas que podem comprar este tipo de ve\u00edculo\u201d, disse.<\/p>\n<h3><strong>IR da PLR<\/strong><\/h3>\n<p>A falta de corre\u00e7\u00e3o da tabela do IR tamb\u00e9m corr\u00f3i os valores da PLR dos trabalhadores. Mas, desde 2013, existe uma tabela com faixa de valores diferenciada para esse ganho. A taxa\u00e7\u00e3o da PLR come\u00e7a para quem recebe a partir de R$ 6.677,56. A de rendimentos mensais come\u00e7a a partir de R$ 1.903,99.<\/p>\n<p>Antes, a tributa\u00e7\u00e3o da PLR seguia a mesma tabela da tributa\u00e7\u00e3o mensal dos sal\u00e1rios. Em 2013, a ent\u00e3o presidenta Dilma Rousseff (PT) aumentou o valor de isen\u00e7\u00e3o da PLR para R$ 6.000,00 e criou uma tabela exclusiva para PLR, com descontos muito menores para os trabalhadores.<\/p>\n<p><strong>Fonte: Contraf-CUT<\/strong><\/p>\n","protected":false},"excerpt":{"rendered":"<p>Muitos banc\u00e1rios se espantaram com o desconto retido na fonte sobre seus sal\u00e1rios e sobre a primeira parcela da Participa\u00e7\u00e3o nos Lucros e\/ou Resultados recebida neste m\u00eas de setembro. Isso acontece em decorr\u00eancia da falta de corre\u00e7\u00e3o da tabela do Imposto de Renda. \u201cComo a tabela n\u00e3o foi corrigida, mas a PLR e os sal\u00e1rios [&hellip;]<\/p>\n","protected":false},"author":2,"featured_media":13157,"comment_status":"","ping_status":"","sticky":false,"template":"","format":"standard","meta":{"footnotes":""},"categories":[3],"tags":[],"class_list":["post-13158","post","type-post","status-publish","format-standard","has-post-thumbnail","hentry","category-noticias"],"_links":{"self":[{"href":"https:\/\/hostnetart.com.br\/baixada\/wp-json\/wp\/v2\/posts\/13158","targetHints":{"allow":["GET"]}}],"collection":[{"href":"https:\/\/hostnetart.com.br\/baixada\/wp-json\/wp\/v2\/posts"}],"about":[{"href":"https:\/\/hostnetart.com.br\/baixada\/wp-json\/wp\/v2\/types\/post"}],"author":[{"embeddable":true,"href":"https:\/\/hostnetart.com.br\/baixada\/wp-json\/wp\/v2\/users\/2"}],"replies":[{"embeddable":true,"href":"https:\/\/hostnetart.com.br\/baixada\/wp-json\/wp\/v2\/comments?post=13158"}],"version-history":[{"count":0,"href":"https:\/\/hostnetart.com.br\/baixada\/wp-json\/wp\/v2\/posts\/13158\/revisions"}],"wp:featuredmedia":[{"embeddable":true,"href":"https:\/\/hostnetart.com.br\/baixada\/wp-json\/wp\/v2\/media\/13157"}],"wp:attachment":[{"href":"https:\/\/hostnetart.com.br\/baixada\/wp-json\/wp\/v2\/media?parent=13158"}],"wp:term":[{"taxonomy":"category","embeddable":true,"href":"https:\/\/hostnetart.com.br\/baixada\/wp-json\/wp\/v2\/categories?post=13158"},{"taxonomy":"post_tag","embeddable":true,"href":"https:\/\/hostnetart.com.br\/baixada\/wp-json\/wp\/v2\/tags?post=13158"}],"curies":[{"name":"wp","href":"https:\/\/api.w.org\/{rel}","templated":true}]}}