{"id":13154,"date":"2022-09-19T16:23:37","date_gmt":"2022-09-19T19:23:37","guid":{"rendered":"https:\/\/hostnetart.com.br\/baixada\/sindicato-dos-bancarios-da-baixada-fluminense-reintegra-mais-um-funcionario-do-bradesco-3\/"},"modified":"2022-09-19T16:23:37","modified_gmt":"2022-09-19T19:23:37","slug":"sindicato-dos-bancarios-da-baixada-fluminense-reintegra-mais-um-funcionario-do-bradesco-3","status":"publish","type":"post","link":"https:\/\/hostnetart.com.br\/baixada\/sindicato-dos-bancarios-da-baixada-fluminense-reintegra-mais-um-funcionario-do-bradesco-3\/","title":{"rendered":"Sindicato dos Banc\u00e1rios da Baixada Fluminense reintegra mais um funcion\u00e1rio do Bradesco"},"content":{"rendered":"<p>Nesta segunda-feira, 19 de setembro, mais um funcion\u00e1rio do Banco Bradesco foi reintegrado pelo Sindicato dos Banc\u00e1rios da Baixada Fluminense.<\/p>\n<p>Anderson Fernandes Cendon, quando foi demitido, estava\u00a0acometido com doen\u00e7a ocupacional. Al\u00e9m disso, sua demiss\u00e3o ocorreu em plena pandemia do novo coronav\u00edrus, contrariando o\u00a0compromisso de n\u00e3o demiss\u00e3o que os grandes bancos assumiram.<\/p>\n<p>A reintegra\u00e7\u00e3o foi realizada na Ag\u00eancia Lote XV, em Belford Roxo, e foi acompanhada pelos diretores Martins, Roberto Domingos, Cl\u00e1udio Leite e Ricardo S\u00e1.<\/p>\n<p><span style=\"text-decoration: underline;\">IMPORTANTE<\/span><\/p>\n<p>Anderson \u00e9 sindicalizado e, logo ap\u00f3s seu desligamento, procurou atendimento no Sindicato dos Banc\u00e1rios da Baixada Fluminense, onde foi prontamente atendido pelos Departamentos Jur\u00eddico e de Sa\u00fade.<\/p>\n<p>\u00c9 fundamental que banc\u00e1rias e banc\u00e1rios, logo que sejam informados de suas demiss\u00f5es, procurem imediatamente atendimento no Sindicato.<\/p>\n<p><strong>SINDICALIZE-SE<\/strong><\/p>\n","protected":false},"excerpt":{"rendered":"<p>Nesta segunda-feira, 19 de setembro, mais um funcion\u00e1rio do Banco Bradesco foi reintegrado pelo Sindicato dos Banc\u00e1rios da Baixada Fluminense. Anderson Fernandes Cendon, quando foi demitido, estava\u00a0acometido com doen\u00e7a ocupacional. Al\u00e9m disso, sua demiss\u00e3o ocorreu em plena pandemia do novo coronav\u00edrus, contrariando o\u00a0compromisso de n\u00e3o demiss\u00e3o que os grandes bancos assumiram. A reintegra\u00e7\u00e3o foi realizada [&hellip;]<\/p>\n","protected":false},"author":2,"featured_media":13153,"comment_status":"","ping_status":"","sticky":false,"template":"","format":"standard","meta":{"footnotes":""},"categories":[3],"tags":[],"class_list":["post-13154","post","type-post","status-publish","format-standard","has-post-thumbnail","hentry","category-noticias"],"_links":{"self":[{"href":"https:\/\/hostnetart.com.br\/baixada\/wp-json\/wp\/v2\/posts\/13154","targetHints":{"allow":["GET"]}}],"collection":[{"href":"https:\/\/hostnetart.com.br\/baixada\/wp-json\/wp\/v2\/posts"}],"about":[{"href":"https:\/\/hostnetart.com.br\/baixada\/wp-json\/wp\/v2\/types\/post"}],"author":[{"embeddable":true,"href":"https:\/\/hostnetart.com.br\/baixada\/wp-json\/wp\/v2\/users\/2"}],"replies":[{"embeddable":true,"href":"https:\/\/hostnetart.com.br\/baixada\/wp-json\/wp\/v2\/comments?post=13154"}],"version-history":[{"count":0,"href":"https:\/\/hostnetart.com.br\/baixada\/wp-json\/wp\/v2\/posts\/13154\/revisions"}],"wp:featuredmedia":[{"embeddable":true,"href":"https:\/\/hostnetart.com.br\/baixada\/wp-json\/wp\/v2\/media\/13153"}],"wp:attachment":[{"href":"https:\/\/hostnetart.com.br\/baixada\/wp-json\/wp\/v2\/media?parent=13154"}],"wp:term":[{"taxonomy":"category","embeddable":true,"href":"https:\/\/hostnetart.com.br\/baixada\/wp-json\/wp\/v2\/categories?post=13154"},{"taxonomy":"post_tag","embeddable":true,"href":"https:\/\/hostnetart.com.br\/baixada\/wp-json\/wp\/v2\/tags?post=13154"}],"curies":[{"name":"wp","href":"https:\/\/api.w.org\/{rel}","templated":true}]}}