{"id":1314,"date":"2013-08-19T00:00:00","date_gmt":"2013-08-19T03:00:00","guid":{"rendered":"https:\/\/hostnetart.com.br\/baixada\/negociacao-com-bancos-nao-avanca-e-comando-reforca-mobilizacao-dia-22\/"},"modified":"2013-08-19T00:00:00","modified_gmt":"2013-08-19T03:00:00","slug":"negociacao-com-bancos-nao-avanca-e-comando-reforca-mobilizacao-dia-22","status":"publish","type":"post","link":"https:\/\/hostnetart.com.br\/baixada\/negociacao-com-bancos-nao-avanca-e-comando-reforca-mobilizacao-dia-22\/","title":{"rendered":"Negocia\u00e7\u00e3o com bancos n\u00e3o avan\u00e7a e Comando refor\u00e7a mobiliza\u00e7\u00e3o dia 22"},"content":{"rendered":"<p>A segunda rodada de negocia\u00e7\u00f5es da Campanha 2013, que tratou de sa\u00fade e condi\u00e7\u00f5es de trabalho, emprego e igualdade de oportunidades, terminou nesta sexta-feira 16 como come\u00e7ou na quinta: com os bancos rejeitando todas as reivindica\u00e7\u00f5es dos banc\u00e1rios apresentadas pelo Comando Nacional.<\/p>\n<p>\u00a0<\/p>\n<p>\u201cComo acontece todos os anos, os banqueiros s\u00f3 agem sob press\u00e3o. Na pr\u00f3xima semana n\u00e3o haver\u00e1 negocia\u00e7\u00e3o. Por isso \u00e9 importante que todas as nossas entidades intensifiquem a prepara\u00e7\u00e3o do Dia Nacional de Luta no dia 22, com passeatas em todo o pa\u00eds, e da greve geral do dia 30 convocada pelas centrais sindicais\u201d, afirma Carlos Cordeiro, presidente da Contraf-CUT e coordenador do Comando Nacional dos Banc\u00e1rios.<\/p>\n<p>\u00a0<\/p>\n<p><a href=\"http:\/\/www.contrafcut.org.br\/noticias.asp?CodNoticia=35371\" target=\"_blank\" rel=\"noopener noreferrer\">Veja aqui<\/a>\u00a0como foi o primeiro dia da segunda rodada de negocia\u00e7\u00f5es sobre emprego.<\/p>\n<p>\u00a0<\/p>\n<p>Os bancos, que na quinta-feira j\u00e1 haviam rejeitado as reivindica\u00e7\u00f5es sobre o fim das demiss\u00f5es imotivadas e da rotatividade e sobre o respeito \u00e0 jornada de 6 horas, nesta sexta-feira recusaram tamb\u00e9m as demandas relativas \u00e0s terceiriza\u00e7\u00f5es, aos correspondentes banc\u00e1rios, \u00e0 cria\u00e7\u00e3o de comiss\u00e3o para acompanhar mudan\u00e7as tecnol\u00f3gicas e ao projeto dos banc\u00e1rios sobre amplia\u00e7\u00e3o do hor\u00e1rio de atendimento ao p\u00fablico, al\u00e9m da implementa\u00e7\u00e3o de medidas pr\u00e1ticas para coibir discrimina\u00e7\u00f5es e promover a igualdade de oportunidades.<\/p>\n<p>\u00a0<\/p>\n<p>\u00a0<\/p>\n<p><strong>Basta de terceiriza\u00e7\u00e3o<\/strong><\/p>\n<p>\u00a0<\/p>\n<p>A reivindica\u00e7\u00e3o dos banc\u00e1rios \u00e9 que os bancos suspendam a implanta\u00e7\u00e3o de quaisquer projetos de terceiriza\u00e7\u00e3o e recontratem como banc\u00e1rios os terceirizados dos setores de recursos humanos, compensa\u00e7\u00e3o, tesouraria, caixa r\u00e1pido, home banking, autoatendimento, teleatendimento, cobran\u00e7a, cart\u00e3o de cr\u00e9dito, retaguarda, concess\u00e3o de cr\u00e9dito e atendimento direto ao cliente com produtos e servi\u00e7os banc\u00e1rios.<\/p>\n<p>\u00a0<\/p>\n<p>Os bancos rejeitaram a proposta. A Fenaban, ao contr\u00e1rio, quer terceirizar todo o servi\u00e7o banc\u00e1rio. S\u00e3o os bancos que est\u00e3o coordenando a bancada empresarial na mesa quadripartite (que inclui ainda trabalhadores, governo e parlamentares) que est\u00e1 discutindo o PL 4330 que regulamenta a terceiriza\u00e7\u00e3o e precariza o trabalho. Se o PL for aprovado, o sistema financeiro estar\u00e1 livre para terceirizar os caixas e gerentes.<\/p>\n<p>\u00a0<\/p>\n<p><a href=\"http:\/\/www.contrafcut.org.br\/noticias.asp?CodNoticia=35359\" target=\"_blank\" rel=\"noopener noreferrer\">Veja aqui<\/a>\u00a0como est\u00e1 a tramita\u00e7\u00e3o do PL 4330 na Comiss\u00e3o de Constitui\u00e7\u00e3o, Justi\u00e7a e Cidadania da C\u00e2mara dos Deputados.<\/p>\n<p>\u00a0<\/p>\n<p>\u00a0<\/p>\n<p><strong>Correspondentes banc\u00e1rios<\/strong><\/p>\n<p>\u00a0<\/p>\n<p>Os representantes patronais tamb\u00e9m recusaram a demanda para que os bancos universalizem o atendimento banc\u00e1rio para todos os munic\u00edpios do pa\u00eds, dentro de um processo de inclus\u00e3o banc\u00e1ria, assegurando indistintamente a presta\u00e7\u00e3o de todos os servi\u00e7os, que devem prestados por banc\u00e1rios em ag\u00eancias e PABs, visando garantir qualidade de atendimento, seguran\u00e7a e proteger o sigilo banc\u00e1rio.<\/p>\n<p>\u00a0<\/p>\n<p>\u00a0<\/p>\n<p><strong>Comiss\u00e3o sobre mudan\u00e7as tecnol\u00f3gicas<\/strong><\/p>\n<p>\u00a0<\/p>\n<p>Com o objetivo de impedir demiss\u00f5es, os banc\u00e1rios querem criar comiss\u00e3o bipartite sobre mudan\u00e7as tecnol\u00f3gicas para debater, acompanhar e apresentar propostas diante de projetos de mudan\u00e7a tecnol\u00f3gica e organizacional das empresas, reestrutura\u00e7\u00e3o administrativa e introdu\u00e7\u00e3o de novos equipamentos.<\/p>\n<p>\u00a0<\/p>\n<p>Os negociadores dos bancos recusaram a cria\u00e7\u00e3o da comiss\u00e3o, alegando que cada institui\u00e7\u00e3o tem sua pr\u00f3pria pol\u00edtica tecnol\u00f3gica, e propuseram a realiza\u00e7\u00e3o de um semin\u00e1rio sobre o tema.<\/p>\n<p>\u00a0<\/p>\n<p>\u00a0<\/p>\n<p><strong>Hor\u00e1rio de atendimento ao p\u00fablico e controle de filas<\/strong><\/p>\n<p>\u00a0<\/p>\n<p>Os bancos recusaram tanto a reivindica\u00e7\u00e3o para a cria\u00e7\u00e3o de dois turnos de trabalho, a fim de viabilizar o cumprimento do hor\u00e1rio de atendimento ao p\u00fablico das 9h \u00e0s 17h \u2013 com proibi\u00e7\u00e3o de abertura das ag\u00eancias aos s\u00e1bados, domingos, feriados e per\u00edodo noturno \u2013 quanto a demanda para que tomem medidas para diminuir o tempo de espera dos clientes e usu\u00e1rios nas filas, inclusive com contrata\u00e7\u00e3o de pessoal, evitando que o tempo de espera ultrapasse a 15 minutos.<\/p>\n<p>\u00a0<\/p>\n<p>\u00a0<\/p>\n<p><strong>Promo\u00e7\u00e3o da igualdade de oportunidades<\/strong><\/p>\n<p>\u00a0<\/p>\n<p>A reivindica\u00e7\u00e3o dos banc\u00e1rios \u00e9 que os bancos tomem medidas concretas para democratizar o acesso e as promo\u00e7\u00f5es nas empresas, garantindo que mulheres, negras, ind\u00edgenas, homoafetivos e deficientes tenham igualdade de condi\u00e7\u00f5es de contrata\u00e7\u00e3o, independente de idade e condi\u00e7\u00f5es socioecon\u00f4mica. A ascens\u00e3o profissional deve ser a partir de crit\u00e9rios objetivos, transparentes e democr\u00e1ticos.<\/p>\n<p>\u00a0<\/p>\n<p>As empresas, al\u00e9m disso, precisam incorporar o respeito \u00e0 igualdade de tratamento entre mulheres e homens como um valor organizacional, devendo, para tanto, adotar medidas preventivas e planos de a\u00e7\u00e3o para a elimina\u00e7\u00e3o de quaisquer pr\u00e1ticas discriminat\u00f3rias nos locais de trabalho.<\/p>\n<p>\u00a0<\/p>\n<p>E pela primeira vez, os banc\u00e1rios inclu\u00edram na pauta cl\u00e1usula reivindicando que seja assegurado no quadro de empregados de cada banco o percentual m\u00ednimo de 20% de negros e negras.<\/p>\n<p>\u00a0<\/p>\n<p>Os negociadores da Fenaban concordam em geral com os diagn\u00f3sticos sobre a necessidade de promo\u00e7\u00e3o da igualdade de oportunidades, mas argumentam que isso deve acontecer naturalmente e se recusam a adotar medidas objetivas e concretas.<\/p>\n<p>\u00a0<\/p>\n<p>\u00a0<\/p>\n<p><strong>Calend\u00e1rio de luta<\/strong><\/p>\n<p>\u00a0<\/p>\n<p>\u00a0<\/p>\n<p><strong>Agosto<\/strong><\/p>\n<p>19 \u2013 Segunda rodada de negocia\u00e7\u00e3o entre Comando e Caixa<br \/>19 e 20 \u2013 Primeira rodada de negocia\u00e7\u00e3o entre Comando e Banco da Amaz\u00f4nia<br \/>22 \u2013 Dia Nacional de Luta, com passeatas dos banc\u00e1rios<br \/>23 \u2013 Segunda rodada das negocia\u00e7\u00f5es espec\u00edficas do Banco do Brasil<br \/>26 e 27 \u2013 Terceira rodada de negocia\u00e7\u00f5es entre Comando e Fenaban<br \/>28 \u2013 Dia do Banc\u00e1rio, com atos de comemora\u00e7\u00e3o e de mobiliza\u00e7\u00e3o<br \/>29 \u2013 Terceira rodada de negocia\u00e7\u00e3o espec\u00edfica entre Comando e BB<br \/>30 \u2013 Paralisa\u00e7\u00e3o nacional das centrais sindicais pela pauta da classe trabalhadora<\/p>\n<p>\u00a0<\/p>\n<p>\u00a0<\/p>\n<p><strong>Setembro<\/strong><\/p>\n<p>3 \u2013 Previs\u00e3o de vota\u00e7\u00e3o do PL 4330 da terceiriza\u00e7\u00e3o na CCJC da C\u00e2mara<\/p>\n<p>\u00a0<br \/>Fonte: Contraf-CUT<\/p>\n","protected":false},"excerpt":{"rendered":"<p>A segunda rodada de negocia\u00e7\u00f5es da Campanha 2013, que tratou de sa\u00fade e condi\u00e7\u00f5es de trabalho, emprego e igualdade de oportunidades, terminou nesta sexta-feira 16 como come\u00e7ou na quinta: com os bancos rejeitando todas as reivindica\u00e7\u00f5es dos banc\u00e1rios apresentadas pelo Comando Nacional. \u00a0 \u201cComo acontece todos os anos, os banqueiros s\u00f3 agem sob press\u00e3o. Na [&hellip;]<\/p>\n","protected":false},"author":1,"featured_media":0,"comment_status":"","ping_status":"","sticky":false,"template":"","format":"standard","meta":{"footnotes":""},"categories":[3],"tags":[],"class_list":["post-1314","post","type-post","status-publish","format-standard","hentry","category-noticias"],"_links":{"self":[{"href":"https:\/\/hostnetart.com.br\/baixada\/wp-json\/wp\/v2\/posts\/1314","targetHints":{"allow":["GET"]}}],"collection":[{"href":"https:\/\/hostnetart.com.br\/baixada\/wp-json\/wp\/v2\/posts"}],"about":[{"href":"https:\/\/hostnetart.com.br\/baixada\/wp-json\/wp\/v2\/types\/post"}],"author":[{"embeddable":true,"href":"https:\/\/hostnetart.com.br\/baixada\/wp-json\/wp\/v2\/users\/1"}],"replies":[{"embeddable":true,"href":"https:\/\/hostnetart.com.br\/baixada\/wp-json\/wp\/v2\/comments?post=1314"}],"version-history":[{"count":0,"href":"https:\/\/hostnetart.com.br\/baixada\/wp-json\/wp\/v2\/posts\/1314\/revisions"}],"wp:attachment":[{"href":"https:\/\/hostnetart.com.br\/baixada\/wp-json\/wp\/v2\/media?parent=1314"}],"wp:term":[{"taxonomy":"category","embeddable":true,"href":"https:\/\/hostnetart.com.br\/baixada\/wp-json\/wp\/v2\/categories?post=1314"},{"taxonomy":"post_tag","embeddable":true,"href":"https:\/\/hostnetart.com.br\/baixada\/wp-json\/wp\/v2\/tags?post=1314"}],"curies":[{"name":"wp","href":"https:\/\/api.w.org\/{rel}","templated":true}]}}