{"id":13136,"date":"2022-09-14T20:22:11","date_gmt":"2022-09-14T23:22:11","guid":{"rendered":"https:\/\/hostnetart.com.br\/baixada\/santander-ira-pagar-adicional-do-va-no-dia-30-9\/"},"modified":"2022-09-14T20:22:11","modified_gmt":"2022-09-14T23:22:11","slug":"santander-ira-pagar-adicional-do-va-no-dia-30-9","status":"publish","type":"post","link":"https:\/\/hostnetart.com.br\/baixada\/santander-ira-pagar-adicional-do-va-no-dia-30-9\/","title":{"rendered":"Santander ir\u00e1 pagar adicional do VA no dia 30\/9"},"content":{"rendered":"<p>Atendendo pedido do Movimento Sindical Banc\u00e1rio, o Banco Santander adiantou para o dia 30 de setembro, o pagamento do adicional de R$ 1.000 de vale alimenta\u00e7\u00e3o (VA), conquistado na Campanha Nacional dos Banc\u00e1rios deste ano e que poderia ser creditado at\u00e9 o final de outubro.<\/p>\n<p>No mesmo dia, o banco pagar\u00e1 a primeira parcela da Participa\u00e7\u00e3o nos Lucros e Resultados (PLR), as remunera\u00e7\u00f5es vari\u00e1veis do primeiro semestre, al\u00e9m dos sal\u00e1rios j\u00e1 reajustados em 8%.<\/p>\n<p>O adicional do VA ser\u00e1 pago somente neste ano de 2022, como forma de compensar a carestia dos alimentos.<\/p>\n<h3><strong>Conquistas da campanha<\/strong><\/h3>\n<p>Al\u00e9m do adicional de R$ 1.000, para 2022 a categoria conquistou aumento real de 1,08% (INPC + 1,08%) para os valores mensais do VA e do vale refei\u00e7\u00e3o (VR) e de 3,83% (INPC + 3,83%) no teto da parcela adicional da PLR, al\u00e9m de reajuste salarial de 8%. Para 2023, haver\u00e1 aumento real de 0,5% (INPC + 0,5%) para sal\u00e1rios, PLR, VA\/VR e demais cl\u00e1usulas econ\u00f4micas.<\/p>\n<p>A nova Conven\u00e7\u00e3o Coletiva de Trabalho (CCT) da categoria tamb\u00e9m traz avan\u00e7os sobre teletrabalho e sobre ass\u00e9dio sexual e ass\u00e9dio moral (<a href=\"https:\/\/contrafcut.com.br\/noticias\/bancarios-arrancam-proposta-com-conquistas?swcfpc=1\" target=\"_blank\" rel=\"noopener noreferrer\">leia mais sobre o acordo<\/a>).<\/p>\n<p><em>*Com informa\u00e7\u00f5es da Contraf-CUT<\/em><\/p>\n","protected":false},"excerpt":{"rendered":"<p>Atendendo pedido do Movimento Sindical Banc\u00e1rio, o Banco Santander adiantou para o dia 30 de setembro, o pagamento do adicional de R$ 1.000 de vale alimenta\u00e7\u00e3o (VA), conquistado na Campanha Nacional dos Banc\u00e1rios deste ano e que poderia ser creditado at\u00e9 o final de outubro. No mesmo dia, o banco pagar\u00e1 a primeira parcela da [&hellip;]<\/p>\n","protected":false},"author":2,"featured_media":13135,"comment_status":"","ping_status":"","sticky":false,"template":"","format":"standard","meta":{"footnotes":""},"categories":[3],"tags":[],"class_list":["post-13136","post","type-post","status-publish","format-standard","has-post-thumbnail","hentry","category-noticias"],"_links":{"self":[{"href":"https:\/\/hostnetart.com.br\/baixada\/wp-json\/wp\/v2\/posts\/13136","targetHints":{"allow":["GET"]}}],"collection":[{"href":"https:\/\/hostnetart.com.br\/baixada\/wp-json\/wp\/v2\/posts"}],"about":[{"href":"https:\/\/hostnetart.com.br\/baixada\/wp-json\/wp\/v2\/types\/post"}],"author":[{"embeddable":true,"href":"https:\/\/hostnetart.com.br\/baixada\/wp-json\/wp\/v2\/users\/2"}],"replies":[{"embeddable":true,"href":"https:\/\/hostnetart.com.br\/baixada\/wp-json\/wp\/v2\/comments?post=13136"}],"version-history":[{"count":0,"href":"https:\/\/hostnetart.com.br\/baixada\/wp-json\/wp\/v2\/posts\/13136\/revisions"}],"wp:featuredmedia":[{"embeddable":true,"href":"https:\/\/hostnetart.com.br\/baixada\/wp-json\/wp\/v2\/media\/13135"}],"wp:attachment":[{"href":"https:\/\/hostnetart.com.br\/baixada\/wp-json\/wp\/v2\/media?parent=13136"}],"wp:term":[{"taxonomy":"category","embeddable":true,"href":"https:\/\/hostnetart.com.br\/baixada\/wp-json\/wp\/v2\/categories?post=13136"},{"taxonomy":"post_tag","embeddable":true,"href":"https:\/\/hostnetart.com.br\/baixada\/wp-json\/wp\/v2\/tags?post=13136"}],"curies":[{"name":"wp","href":"https:\/\/api.w.org\/{rel}","templated":true}]}}