{"id":13132,"date":"2022-09-14T18:33:58","date_gmt":"2022-09-14T21:33:58","guid":{"rendered":"https:\/\/hostnetart.com.br\/baixada\/caixa-e-usada-para-propaganda-politica\/"},"modified":"2022-09-14T18:33:58","modified_gmt":"2022-09-14T21:33:58","slug":"caixa-e-usada-para-propaganda-politica","status":"publish","type":"post","link":"https:\/\/hostnetart.com.br\/baixada\/caixa-e-usada-para-propaganda-politica\/","title":{"rendered":"Caixa \u00e9 usada para propaganda pol\u00edtica"},"content":{"rendered":"<p>A Caixa Econ\u00f4mica Federal utilizou evento de divulga\u00e7\u00e3o dos n\u00fameros da pol\u00edtica Caixa Pra Elas, realizado na segunda-feira (12), para fazer campanha eleitoral para o presidente Bolsonaro. Esta \u00e9 a opini\u00e3o do empregado da Caixa e dirigente sindical Rafael de Castro, da Confedera\u00e7\u00e3o Nacional dos Trabalhadores do Ramo Financeiro (Contraf-CUT).<\/p>\n<p>\u201cVimos muitas vezes a Caixa sendo utilizada, por Pedro Guimar\u00e3es (antigo presidente da Caixa), como instrumento de campanha pol\u00edtica para ele e para o presidente da Rep\u00fablica. A Daniella Marques (atual presidente da Caixa) est\u00e1 repetindo esta pr\u00e1tica\u201d, disse o dirigente ao lembrar que o ex-presidente da Caixa, que tinha a pretens\u00e3o de ser candidato a vice-presidente na chapa encabe\u00e7ada por Bolsonaro, ou mesmo a senador pelo Rio de Janeiro, foi\u00a0<a href=\"https:\/\/contrafcut.com.br\/noticias\/empregados-denunciam-uso-da-caixa-em-campanhas-eleitorais-antecipadas-de-bolsonaro-e-guimaraes\" target=\"_blank\" rel=\"noopener noreferrer\">denunciado pelo uso do banco para realizar campanha eleitoral antecipada<\/a>, chegando a ser advertido pela Justi\u00e7a por realizar tal pr\u00e1tica. \u201cN\u00e3o adianta o banco\u00a0<a href=\"https:\/\/www.poder360.com.br\/governo\/lei-eleitoral-governo-suspende-contas-nas-redes-sociais\/\" target=\"_blank\" rel=\"noopener noreferrer\">suspender o perfil das redes sociais<\/a>\u00a0para n\u00e3o divulgar not\u00edcias anteriores que pudessem ser caracterizadas como propaganda eleitoral, mas continuar a mesma pr\u00e1tica\u201d, completou.<\/p>\n<p>\u201cDefendemos que existam produtos espec\u00edficos para as mulheres, mas n\u00e3o podemos concordar com a forma como esta pol\u00edtica de vendas est\u00e1 sendo utilizada\u201d, explicou a presidenta da Contraf-CUT, Juvandia Moreira. \u201cPrimeiro pelo descabido aumento de metas de vendas imposto aos empregados, mas principalmente pelo uso da Caixa para finalidade pol\u00edtico-eleitoral, assim como o governo vem realizando com outras pol\u00edticas sociais, que est\u00e3o sendo feitas somente \u00e0s v\u00e9speras das elei\u00e7\u00f5es, numa tentativa de angariar votos para o atual mandat\u00e1rio da Presid\u00eancia da Rep\u00fablica\u201d, completou, ao questionar porque as pol\u00edticas que est\u00e3o sendo realizadas agora n\u00e3o foram implementadas desde o in\u00edcio do governo.<\/p>\n<h3><strong>Produtos<\/strong><\/h3>\n<p>Do in\u00edcio de agosto para c\u00e1, foram realizados aproximadamente 60 mil atendimentos relacionados a produtos que fazem parte da cesta do Caixa Pra Elas, o que d\u00e1, em m\u00e9dia, 15 atendimentos por ag\u00eancia da Caixa, menos do que um atendimento por dia. \u201cOs n\u00fameros s\u00e3o pequenos ainda, mas o resultado \u00e9 de apenas um m\u00eas. Pode aumentar e tem potencial para isso, pois os empregados est\u00e3o sendo cobrados a atingir metas\u201d, observou Rafael.<\/p>\n<p>A Contraf-CUT j\u00e1 denunciou que\u00a0<a href=\"https:\/\/contrafcut.com.br\/noticias\/discurso-da-nova-gestao-da-caixa-nao-bate-com-a-pratica\" target=\"_blank\" rel=\"noopener noreferrer\">a Caixa duplicou a meta de vendas de produtos<\/a>\u00a0sem que tenha havido uma mudan\u00e7a conjuntural no pa\u00eds que justificasse tal aumento e, na coletiva de segunda-feira o banco anunciou um incremento de 65% na venda de cart\u00f5es.<\/p>\n<p>No Caixa Pra Elas, as mulheres t\u00eam taxas de cr\u00e9dito mais baixas, pausa nos pagamentos de presta\u00e7\u00f5es em caso de maternidade ou ado\u00e7\u00e3o e isen\u00e7\u00e3o de parte das tarifas de produtos do banco p\u00fablico. Por exemplo, na modalidade pessoa f\u00edsica, as mulheres que contratarem o Cr\u00e9dito Direto Caixa (CDC) t\u00eam 5% de desconto na taxa de juros. Para a compra de ve\u00edculos via cons\u00f3rcio, h\u00e1 desconto de 10% na taxa de administra\u00e7\u00e3o. Nos contratos de financiamento imobili\u00e1rio assinados at\u00e9 o final de setembro, o banco oferecer\u00e1 a possibilidade pagamento parcial da presta\u00e7\u00e3o durante a licen\u00e7a maternidade e, para as gestantes, haver\u00e1 a possibilidade de car\u00eancia de at\u00e9 seis meses para o in\u00edcio do pagamento das presta\u00e7\u00f5es de cr\u00e9dito habitacional concedidos pelo Sistema Brasileiro de Poupan\u00e7a e Empr\u00e9stimo (SBPE).<\/p>\n<p>\u201cAlguns produtos oferecidos atendem a necessidade do p\u00fablico, mas, da forma como esta pol\u00edtica vem sendo tocada, mais uma vez o banco est\u00e1 sendo utilizado para a realiza\u00e7\u00e3o de campanha eleitoral, numa tentativa de reduzir a resist\u00eancia que as eleitoras t\u00eam de votar em Bolsonaro\u201d, observou a diretora executiva da Contraf-CUT, Eliana Brasil, se referindo aos dados da \u00faltima pesquisa Datafolha, que apontam que Bolsonaro \u00e9 o\u00a0<a href=\"https:\/\/www1.folha.uol.com.br\/poder\/2022\/09\/datafolha-bolsonaro-e-visto-como-o-que-mais-mente-e-mais-ataca-mulheres.shtml\" target=\"_blank\" rel=\"noopener noreferrer\">candidato que mais ataca as mulheres<\/a>.<\/p>\n<p>\u201c\u00c9 ineg\u00e1vel que alguns dos produtos oferecidos atendem necessidades da popula\u00e7\u00e3o, mas \u00e9 um p\u00fablico que passou a existir depois que a reforma trabalhista destro\u00e7ou o arcabou\u00e7o de direitos da CLT (Consolida\u00e7\u00e3o das Leis do Trabalho) e criou uma s\u00e9rie de modalidades de empregos prec\u00e1rios\u201d, criticou Rafael de Castro. \u201c\u00c9 um p\u00fablico que possivelmente n\u00e3o existiria se a reforma trabalhista n\u00e3o tivesse sido aprovada\u201d, concluiu.<\/p>\n<p><strong>Fonte: Contraf-CUT<\/strong><\/p>\n","protected":false},"excerpt":{"rendered":"<p>A Caixa Econ\u00f4mica Federal utilizou evento de divulga\u00e7\u00e3o dos n\u00fameros da pol\u00edtica Caixa Pra Elas, realizado na segunda-feira (12), para fazer campanha eleitoral para o presidente Bolsonaro. Esta \u00e9 a opini\u00e3o do empregado da Caixa e dirigente sindical Rafael de Castro, da Confedera\u00e7\u00e3o Nacional dos Trabalhadores do Ramo Financeiro (Contraf-CUT). \u201cVimos muitas vezes a Caixa [&hellip;]<\/p>\n","protected":false},"author":2,"featured_media":13131,"comment_status":"","ping_status":"","sticky":false,"template":"","format":"standard","meta":{"footnotes":""},"categories":[3],"tags":[],"class_list":["post-13132","post","type-post","status-publish","format-standard","has-post-thumbnail","hentry","category-noticias"],"_links":{"self":[{"href":"https:\/\/hostnetart.com.br\/baixada\/wp-json\/wp\/v2\/posts\/13132","targetHints":{"allow":["GET"]}}],"collection":[{"href":"https:\/\/hostnetart.com.br\/baixada\/wp-json\/wp\/v2\/posts"}],"about":[{"href":"https:\/\/hostnetart.com.br\/baixada\/wp-json\/wp\/v2\/types\/post"}],"author":[{"embeddable":true,"href":"https:\/\/hostnetart.com.br\/baixada\/wp-json\/wp\/v2\/users\/2"}],"replies":[{"embeddable":true,"href":"https:\/\/hostnetart.com.br\/baixada\/wp-json\/wp\/v2\/comments?post=13132"}],"version-history":[{"count":0,"href":"https:\/\/hostnetart.com.br\/baixada\/wp-json\/wp\/v2\/posts\/13132\/revisions"}],"wp:featuredmedia":[{"embeddable":true,"href":"https:\/\/hostnetart.com.br\/baixada\/wp-json\/wp\/v2\/media\/13131"}],"wp:attachment":[{"href":"https:\/\/hostnetart.com.br\/baixada\/wp-json\/wp\/v2\/media?parent=13132"}],"wp:term":[{"taxonomy":"category","embeddable":true,"href":"https:\/\/hostnetart.com.br\/baixada\/wp-json\/wp\/v2\/categories?post=13132"},{"taxonomy":"post_tag","embeddable":true,"href":"https:\/\/hostnetart.com.br\/baixada\/wp-json\/wp\/v2\/tags?post=13132"}],"curies":[{"name":"wp","href":"https:\/\/api.w.org\/{rel}","templated":true}]}}