{"id":1313,"date":"2014-05-26T00:00:00","date_gmt":"2014-05-26T03:00:00","guid":{"rendered":"https:\/\/hostnetart.com.br\/baixada\/eleicao-na-previ-termina-nesta-quarta-contraf-cut-pede-voto-para-a-chapa-4\/"},"modified":"2014-05-26T00:00:00","modified_gmt":"2014-05-26T03:00:00","slug":"eleicao-na-previ-termina-nesta-quarta-contraf-cut-pede-voto-para-a-chapa-4","status":"publish","type":"post","link":"https:\/\/hostnetart.com.br\/baixada\/eleicao-na-previ-termina-nesta-quarta-contraf-cut-pede-voto-para-a-chapa-4\/","title":{"rendered":"Elei\u00e7\u00e3o na Previ termina nesta quarta. Contraf-CUT pede voto para a Chapa 4"},"content":{"rendered":"<p>Termina nesta quarta-feira 28 a elei\u00e7\u00e3o para renova\u00e7\u00e3o das diretorias de Administra\u00e7\u00e3o e de Planejamento da Previ e parte dos conselhos deliberativo, fiscal e consultivos dos dois planos de benef\u00edcios, o Plano 1 e o Previ Futuro. Quatro chapas disputam a elei\u00e7\u00e3o. A Contraf-CUT apoia a Chapa 4 Unidade e Seguran\u00e7a na Previ, formada pela grande maioria do movimento sindical e das entidades representativas do funcionalismo do Banco do Brasil.<\/p>\n<p>At\u00e9 a sexta-feira 23 haviam votado 88.360 associados, o equivalente a 44,7% do total. Da ativa, faltavam ainda votar 27.766 funcion\u00e1rios. A Contraf-CUT orientou os sindicatos a intensificarem a campanha nas depend\u00eancias do BB nestes dias finais de vota\u00e7\u00e3o.<\/p>\n<p>\u201cA Previ \u00e9 um dos maiores exemplos de que os trabalhadores s\u00e3o os mais capacitados para gerir seus pr\u00f3prios recursos. Apoiamos a Chapa 4 porque \u00e9 formada pelo movimento sindical e outras entidades do funcionalismo do Banco do Brasil e porque representa as for\u00e7as que v\u00eam administrando a Previ h\u00e1 anos, com grande \u00eaxito\u201d, afirma Carlos Cordeiro, presidente da Contraf-CUT.<\/p>\n<p>\u201cPe\u00e7o voto \u00e0 Chapa 4 porque ela representa a unidade das entidades do funcionalismo. Tudo que constru\u00edmos nos 110 anos de Previ foi com a participa\u00e7\u00e3o dos sindicatos nas lutas. Coordeno as negocia\u00e7\u00f5es com o Banco do Brasil ao lado do Wagner Nascimento e afirmo que ele \u00e9 um dos melhores quadros do funcionalismo do BB surgido na \u00faltima d\u00e9cada e re\u00fane tanto combatividade quanto capacidade t\u00e9cnica para gerir a nossa Previ\u201d, acrescenta William Mendes, coordenador da Comiss\u00e3o de Empresa dos Funcion\u00e1rios e que acaba de ser eleito para a Diretoria de Sa\u00fade da Cassi na vota\u00e7\u00e3o realizada entre 9 e 22 de abril.<\/p>\n<p><strong>Previ Futuro pela primeira vez na dire\u00e7\u00e3o<\/strong><\/p>\n<p>Se a Chapa 4 vencer, a Previ ter\u00e1 pela primeira um associado do plano Previ Futuro na dire\u00e7\u00e3o executiva. Ser\u00e1 Wagner Nascimento, diretor do Sindicato de Belo Horizonte e membro da Comiss\u00e3o de Empresa dos Funcion\u00e1rios do BB, candidato \u00e0 Diretoria de Administra\u00e7\u00e3o. Para a Diretoria de Planejamento a candidata da Chapa 4 a presidenta da AAFBB, principal associa\u00e7\u00e3o de aposentados do Banco do Brasil, C\u00e9lia Larichia, que \u00e9 do Plano 1.<\/p>\n<p><a href=\"http:\/\/contrafcut.org.br\/noticias.asp?CodNoticia=38212\" target=\"_blank\" rel=\"noopener noreferrer\">Conhe\u00e7a aqui<\/a>\u00a0a Chapa 4 e suas propostas e saiba por que ela tem o apoio da Contraf-CUT. E veja a seguir o posicionamento da chapa sobre os temas mais importantes em discuss\u00e3o na campanha.<\/p>\n<p><strong>Rentabilidade da Previ \u00e9 maior nos dois planos<\/strong><\/p>\n<p>Qualquer que seja o comparativo de indicadores que se fa\u00e7a, a rentabilidade dos dois planos de benef\u00edcios da Previ ganha com folga.<\/p>\n<p>O Plano 1 saiu de uma situa\u00e7\u00e3o deficit\u00e1ria em 2001 para um per\u00edodo de super\u00e1vits anuais recorrentes. A partir de 2006, os associados utilizaram quase R$ 25 bilh\u00f5es de excedentes a seu favor. Contribui\u00e7\u00f5es foram reduzidas e depois suspensas e os benef\u00edcios, melhorados. O plano manteve a sustentabilidade no longo prazo e se tornou mais seguro, depois de tr\u00eas revis\u00f5es seguidas das t\u00e1buas de expectativa de vida e da redu\u00e7\u00e3o da taxa de juros atuarial em 1 ponto percentual.<\/p>\n<p>De 2001 a 2013, os ativos do Plano 1 renderam 786%, bem acima da taxa atuarial de 436%. Em 13 anos, 350 pontos percentuais superiores ao m\u00ednimo necess\u00e1rio para manter o equil\u00edbrio do plano.<\/p>\n<p>As reservas matem\u00e1ticas do Plano 1 sa\u00edram de R$ 30 bilh\u00f5es em dezembro de 2001 para R$ 114 bilh\u00f5es ao final de 2013. Este n\u00famero representa o crescimento dos compromissos da Previ para com os associados, ou seja, a totalidade dos benef\u00edcios que o Plano 1 pagar\u00e1 aos 115 mil associados ativos, aposentados e pensionistas, deduzidas as contribui\u00e7\u00f5es futuras.<\/p>\n<p>No final de 2013 o Plano 1 ainda acumulava R$ 24,7 bilh\u00f5es de super\u00e1vit, contabilizados como Reserva de Conting\u00eancia por determina\u00e7\u00e3o legal.<\/p>\n<p><strong>Investimentos do Previ Futuro s\u00e3o os mais rent\u00e1veis<\/strong><\/p>\n<p>J\u00e1 no Previ Futuro, as aplica\u00e7\u00f5es renderam 761% de 1999 at\u00e9 o final de 2013. Veja um comparativo entre com outros investimentos entre 1999 e 2013:<\/p>\n<p><strong>Previ Futuro<\/strong>: 761,10%<br \/><strong>Bolsa de Valores<\/strong>: 659,24%<br \/><strong>Renda fixa<\/strong>\u00a0(t\u00edtulos p\u00fablicos): 706,16%<br \/><strong>Poupan\u00e7a<\/strong>: 235,28%<\/p>\n<p>Mesmo no cen\u00e1rio dif\u00edcil dos \u00faltimos anos, em consequ\u00eancia da crise financeira, os investimentos da Previ se sobressaem.<\/p>\n<p>Os fundos de pens\u00e3o brasileiros tiveram rentabilidade m\u00e9dia negativa de -1,26% em 2013, segundo estudos da Associa\u00e7\u00e3o Brasileira das Entidades de Previd\u00eancia Privada (Abrapp). Mas o resultado da Previ foi bem melhor. Os investimentos do Previ Futuro renderam 3,66% positivos no ano passado e os do Plano 1 renderam 7,3%, tamb\u00e9m positivos. Essa rentabilidade ajudou a puxar a m\u00e9dia dos fundos de pens\u00e3o para cima, mostrando que o retorno dos demais fundos foi bem pior.<\/p>\n<p>\u201cIsso se deve basicamente a dois fatores\u201d, explica Wagner Nascimento, que \u00e9 do Conselho Consultivo do Previ Futuro. \u201cO primeiro \u00e9 que a Previ diversifica os investimentos mais que os outros fundos, com forte presen\u00e7a em renda vari\u00e1vel e im\u00f3veis, enquanto as demais entidades est\u00e3o muito concentradas em renda fixa, cujos t\u00edtulos de longo prazo de sua carteira perderam valor em 2013.\u201d<\/p>\n<p><strong>Gest\u00e3o compartilhada e fiscaliza\u00e7\u00e3o dos associados<\/strong><\/p>\n<p>Outro fator que tem grande peso nessa diferen\u00e7a, acrescenta Wagner, \u00e9 que a Previ \u00e9 um dos tr\u00eas ou quatro fundos de pens\u00e3o que t\u00eam o modelo de gest\u00e3o compartilhada, com a elei\u00e7\u00e3o de metade dos diretores e conselheiros pelos associados. \u201cEsse modelo, conquista do funcionalismo e das entidades sindicais e associativas, torna a gest\u00e3o mais segura e imune a interfer\u00eancias externas, garante maior zelo nos investimentos, maior seguran\u00e7a nas an\u00e1lises de investimento, de risco e retorno.\u201d<\/p>\n<p>\u201cA Previ \u00e9 um dos maiores exemplos de que os trabalhadores s\u00e3o os mais capacitados para gerir seus pr\u00f3prios recursos. Apoiamos a Chapa 4 porque \u00e9 formada pelo movimento sindical e outras entidades do funcionalismo do Banco do Brasil e porque representa as for\u00e7as que v\u00eam administrando a Previ h\u00e1 anos, com grande \u00eaxito\u201d, afirma Carlos Cordeiro, presidente da Contraf-CUT.<\/p>\n<p><strong>Chapa 4 defende implanta\u00e7\u00e3o de teto de benef\u00edcios<\/strong><\/p>\n<p>A Chapa 4 tamb\u00e9m defende alterar o regulamento dos planos para a implantar um teto de benef\u00edcios na Previ, correspondente ao maior sal\u00e1rio de preenchimento exclusivo de funcion\u00e1rios de carreira do Banco do Brasil.<\/p>\n<p>\u201cEssa \u00e9 a \u00fanica forma de resolver definitivamente a pol\u00eamica envolvendo essa quest\u00e3o\u201d, afirma Jos\u00e9 Ricardo Sasseron, candidato ao Conselho Deliberativo pela Chapa 4 e ex-diretor eleito da Previ.<\/p>\n<p>\u201cDefendemos a implanta\u00e7\u00e3o de um teto para proteger a Previ. Como os vencimentos dos dirigentes estatut\u00e1rios do banco n\u00e3o s\u00e3o reajustados pelos mesmos crit\u00e9rios de todos os funcion\u00e1rios, o Conselho de Administra\u00e7\u00e3o pode conceder eventualmente, a esse pequeno grupo, aumentos superiores aos dos demais funcion\u00e1rios, impactando a Previ, como o BB fez em 2008\u2033, acrescenta Sasseron.<\/p>\n<p>Conhe\u00e7a todas as propostas no site www.chapa4unidadeeseguranca.com.br.<\/p>\n<p>Fonte: Contraf-CUT<\/p>\n","protected":false},"excerpt":{"rendered":"<p>Termina nesta quarta-feira 28 a elei\u00e7\u00e3o para renova\u00e7\u00e3o das diretorias de Administra\u00e7\u00e3o e de Planejamento da Previ e parte dos conselhos deliberativo, fiscal e consultivos dos dois planos de benef\u00edcios, o Plano 1 e o Previ Futuro. Quatro chapas disputam a elei\u00e7\u00e3o. A Contraf-CUT apoia a Chapa 4 Unidade e Seguran\u00e7a na Previ, formada pela [&hellip;]<\/p>\n","protected":false},"author":1,"featured_media":0,"comment_status":"","ping_status":"","sticky":false,"template":"","format":"standard","meta":{"footnotes":""},"categories":[3],"tags":[],"class_list":["post-1313","post","type-post","status-publish","format-standard","hentry","category-noticias"],"_links":{"self":[{"href":"https:\/\/hostnetart.com.br\/baixada\/wp-json\/wp\/v2\/posts\/1313","targetHints":{"allow":["GET"]}}],"collection":[{"href":"https:\/\/hostnetart.com.br\/baixada\/wp-json\/wp\/v2\/posts"}],"about":[{"href":"https:\/\/hostnetart.com.br\/baixada\/wp-json\/wp\/v2\/types\/post"}],"author":[{"embeddable":true,"href":"https:\/\/hostnetart.com.br\/baixada\/wp-json\/wp\/v2\/users\/1"}],"replies":[{"embeddable":true,"href":"https:\/\/hostnetart.com.br\/baixada\/wp-json\/wp\/v2\/comments?post=1313"}],"version-history":[{"count":0,"href":"https:\/\/hostnetart.com.br\/baixada\/wp-json\/wp\/v2\/posts\/1313\/revisions"}],"wp:attachment":[{"href":"https:\/\/hostnetart.com.br\/baixada\/wp-json\/wp\/v2\/media?parent=1313"}],"wp:term":[{"taxonomy":"category","embeddable":true,"href":"https:\/\/hostnetart.com.br\/baixada\/wp-json\/wp\/v2\/categories?post=1313"},{"taxonomy":"post_tag","embeddable":true,"href":"https:\/\/hostnetart.com.br\/baixada\/wp-json\/wp\/v2\/tags?post=1313"}],"curies":[{"name":"wp","href":"https:\/\/api.w.org\/{rel}","templated":true}]}}