{"id":13128,"date":"2022-09-13T17:16:55","date_gmt":"2022-09-13T20:16:55","guid":{"rendered":"https:\/\/hostnetart.com.br\/baixada\/justica-condena-bradesco-a-indenizar-bancaria-por-cobranca-de-metas-inalcancaveis-e-ameacas\/"},"modified":"2022-09-13T17:16:55","modified_gmt":"2022-09-13T20:16:55","slug":"justica-condena-bradesco-a-indenizar-bancaria-por-cobranca-de-metas-inalcancaveis-e-ameacas","status":"publish","type":"post","link":"https:\/\/hostnetart.com.br\/baixada\/justica-condena-bradesco-a-indenizar-bancaria-por-cobranca-de-metas-inalcancaveis-e-ameacas\/","title":{"rendered":"Justi\u00e7a condena Bradesco a indenizar banc\u00e1ria por cobran\u00e7a de metas inalcan\u00e7\u00e1veis e amea\u00e7as"},"content":{"rendered":"<p>A Justi\u00e7a do Trabalho condenou o Bradesco, em primeira inst\u00e2ncia, a indenizar uma ex-funcion\u00e1ria por ass\u00e9dio moral. Segundo a decis\u00e3o, o banco a submetia a \u201cn\u00edvel elevado de cobran\u00e7as, estipula\u00e7\u00e3o de metas inalcan\u00e7\u00e1veis, compara\u00e7\u00f5es com pares e amea\u00e7as constantes de demiss\u00e3o\u201d. Cabe recurso.<\/p>\n<p>Dessa forma, a ju\u00edza titular da 7\u00aa Vara do Trabalho de Santos (SP), Graziela Conforti Tarpani, fixou indeniza\u00e7\u00e3o de R$ 21,3 mil para a banc\u00e1ria. \u00c9 um valor equivalente a tr\u00eas vezes o que ela recebia na institui\u00e7\u00e3o. Al\u00e9m disso, o banco deve pagar diferen\u00e7as salariais decorrentes de substitui\u00e7\u00f5es e horas extras, entre outros itens.<\/p>\n<p>A banc\u00e1ria trabalhou de 2010 a 2020. Passou por diversas \u00e1reas at\u00e9 chegar a gerente de contas de pessoas jur\u00eddicas. \u201cFoi quando come\u00e7aram as compara\u00e7\u00f5es entre os gerentes, expondo a banc\u00e1ria durante reuni\u00f5es com os funcion\u00e1rios, al\u00e9m das cobran\u00e7as e amea\u00e7as\u201d, diz o Tribunal Regional do Trabalho da 2\u00aa Regi\u00e3o (<a href=\"https:\/\/ww2.trt2.jus.br\/noticias\/noticias\/noticia\/banco-e-condenado-por-assedio-moral-e-tera-que-indenizar-trabalhadora-em-r-20-mil\" target=\"_blank\" rel=\"noopener noreferrer\">TRT-2<\/a>).<\/p>\n<h2><span style=\"text-decoration: underline;\">Dignidade humana<\/span><\/h2>\n<p>\u201cProvada a conduta culposa comissiva e omissiva volunt\u00e1ria da reclamada (\u2026), resta devida a indeniza\u00e7\u00e3o por dano moral, vez que nenhum empregado merece ser tratado com desrespeito e humilha\u00e7\u00e3o, devendo ser respeitado o princ\u00edpio da dignidade humana\u201d, afirmou a ju\u00edza na senten\u00e7a. \u201cAssim, as alega\u00e7\u00f5es iniciais e descritas pela autora configuram ofensa ao direito da personalidade, viola\u00e7\u00e3o \u00e0 intimidade, \u00e0 vida privada, \u00e0 honra e \u00e0 imagem do empregado\u201d, acrescentou. Mas a decis\u00e3o negou pedido de indeniza\u00e7\u00e3o por dano moral em raz\u00e3o de doen\u00e7a.<\/p>\n<p>Para a ju\u00edza da 7\u00aa Vara, a per\u00edcia permitiu concluiu que a banc\u00e1ria \u00e9 portadora de transtorno ansioso misto depressivo, sem nexo causal com o trabalho. \u201cAssim, julgo procedente o pedido de dano moral por ass\u00e9dio moral e improcedente o pedido de dano moral pela doen\u00e7a ocupacional\u201d, concluiu.<\/p>\n<p><strong>Fonte: Rede Brasil Atual<\/strong><\/p>\n","protected":false},"excerpt":{"rendered":"<p>A Justi\u00e7a do Trabalho condenou o Bradesco, em primeira inst\u00e2ncia, a indenizar uma ex-funcion\u00e1ria por ass\u00e9dio moral. Segundo a decis\u00e3o, o banco a submetia a \u201cn\u00edvel elevado de cobran\u00e7as, estipula\u00e7\u00e3o de metas inalcan\u00e7\u00e1veis, compara\u00e7\u00f5es com pares e amea\u00e7as constantes de demiss\u00e3o\u201d. Cabe recurso. Dessa forma, a ju\u00edza titular da 7\u00aa Vara do Trabalho de Santos [&hellip;]<\/p>\n","protected":false},"author":2,"featured_media":13127,"comment_status":"","ping_status":"","sticky":false,"template":"","format":"standard","meta":{"footnotes":""},"categories":[3],"tags":[],"class_list":["post-13128","post","type-post","status-publish","format-standard","has-post-thumbnail","hentry","category-noticias"],"_links":{"self":[{"href":"https:\/\/hostnetart.com.br\/baixada\/wp-json\/wp\/v2\/posts\/13128","targetHints":{"allow":["GET"]}}],"collection":[{"href":"https:\/\/hostnetart.com.br\/baixada\/wp-json\/wp\/v2\/posts"}],"about":[{"href":"https:\/\/hostnetart.com.br\/baixada\/wp-json\/wp\/v2\/types\/post"}],"author":[{"embeddable":true,"href":"https:\/\/hostnetart.com.br\/baixada\/wp-json\/wp\/v2\/users\/2"}],"replies":[{"embeddable":true,"href":"https:\/\/hostnetart.com.br\/baixada\/wp-json\/wp\/v2\/comments?post=13128"}],"version-history":[{"count":0,"href":"https:\/\/hostnetart.com.br\/baixada\/wp-json\/wp\/v2\/posts\/13128\/revisions"}],"wp:featuredmedia":[{"embeddable":true,"href":"https:\/\/hostnetart.com.br\/baixada\/wp-json\/wp\/v2\/media\/13127"}],"wp:attachment":[{"href":"https:\/\/hostnetart.com.br\/baixada\/wp-json\/wp\/v2\/media?parent=13128"}],"wp:term":[{"taxonomy":"category","embeddable":true,"href":"https:\/\/hostnetart.com.br\/baixada\/wp-json\/wp\/v2\/categories?post=13128"},{"taxonomy":"post_tag","embeddable":true,"href":"https:\/\/hostnetart.com.br\/baixada\/wp-json\/wp\/v2\/tags?post=13128"}],"curies":[{"name":"wp","href":"https:\/\/api.w.org\/{rel}","templated":true}]}}