{"id":13124,"date":"2022-09-13T12:04:53","date_gmt":"2022-09-13T15:04:53","guid":{"rendered":"https:\/\/hostnetart.com.br\/baixada\/santander-paga-plr-somente-dia-30\/"},"modified":"2022-09-13T12:04:53","modified_gmt":"2022-09-13T15:04:53","slug":"santander-paga-plr-somente-dia-30","status":"publish","type":"post","link":"https:\/\/hostnetart.com.br\/baixada\/santander-paga-plr-somente-dia-30\/","title":{"rendered":"Santander paga PLR somente dia 30"},"content":{"rendered":"<p>O Banco Santander far\u00e1 o pagamento da primeira parcela (antecipa\u00e7\u00e3o) da Participa\u00e7\u00e3o nos Lucros e Resultados (PLR) somente no dia 30 de setembro, data limite para o pagamento. O banco alega que precisa de mais tempo para fechar os c\u00e1lculos da remunera\u00e7\u00e3o vari\u00e1vel referente ao primeiro semestre.<\/p>\n<p>\u201cMais uma vez, o Santander ir\u00e1 creditar a antecipa\u00e7\u00e3o da PLR no \u00faltimo dia, mesmo diante da reivindica\u00e7\u00e3o do movimento sindical para que efetuasse o pagamento com anteced\u00eancia\u201d, criticou a coordenadora da Comiss\u00e3o de Organiza\u00e7\u00e3o dos Empregados do Santander, Lucimara Malaquias. \u201cAgora, esperamos que o banco tenha boa vontade e possibilite avan\u00e7os nas negocia\u00e7\u00f5es dos trabalhadores para a renova\u00e7\u00e3o do Acordo Coletivo de Trabalho aditivo \u00e0 Conven\u00e7\u00e3o Coletiva de Trabalho, no \u00e2mbito da Campanha Nacional dos Banc\u00e1rios 2022\u201d, completou.<\/p>\n<p>Para a secret\u00e1ria de Rela\u00e7\u00f5es Internacionais da Confedera\u00e7\u00e3o Nacional dos Trabalhadores do Ramo Financeiro (Contraf-CUT) e funcion\u00e1ria do Santander, Rita Berlofa, n\u00e3o existe justificativa plaus\u00edvel para que o banco n\u00e3o antecipe o pagamento. \u201cTodos os bancos tiveram a informa\u00e7\u00e3o sobre \u00edndices de corre\u00e7\u00e3o da PLR ao mesmo tempo. Diversos j\u00e1 efetuaram o pagamento e os demais far\u00e3o o pagamento antecipado. N\u00e3o existe motivo para que o Santander n\u00e3o pague adiantado\u201d, criticou.<\/p>\n<p>Os valores fixos da PLR foram corrigidos pela infla\u00e7\u00e3o (INPC) acumulada entre 1\u00ba de setembro de 2021 e 31 de agosto de 2022, calculada em 8,83%. Mas, o teto da parcela adicional foi corrigido em 13% e passa a ser de R$ 6.677,55. A antecipa\u00e7\u00e3o representa 54% do sal\u00e1rio, acrescido de um valor fixo de R$ 1.832,93 e de R$ 3.171,94 de parcela adicional. O restante ser\u00e1 pago em fevereiro de 2023.<\/p>\n<p>Veja tabela com valores da PLR para cada faixa salarial. Mas, \u00e9 importante lembrar que sobre os valores abaixo h\u00e1 incid\u00eancia de Imposto de Renda (IR) e tampouco constam os valores das remunera\u00e7\u00f5es vari\u00e1veis.<\/p>\n<h3>IR da PLR<\/h3>\n<p>H\u00e1 incid\u00eancia de IR sobre os valores pagos a t\u00edtulo de PLR acima de R$ 6.677,55 no ano (soma das duas parcelas recebidas no ano). Existe uma tabela espec\u00edfica para o IR sobre a PLR. Antes, a tributa\u00e7\u00e3o era de 27,5% para todos os valores de PLR. Em 2013, a ent\u00e3o presidenta Dilma Rousseff (PT) aumentou o valor de isen\u00e7\u00e3o da PLR para R$ 6.000,00.<\/p>\n<p><strong>Fonte: Contraf-CUT<\/strong><\/p>\n","protected":false},"excerpt":{"rendered":"<p>O Banco Santander far\u00e1 o pagamento da primeira parcela (antecipa\u00e7\u00e3o) da Participa\u00e7\u00e3o nos Lucros e Resultados (PLR) somente no dia 30 de setembro, data limite para o pagamento. O banco alega que precisa de mais tempo para fechar os c\u00e1lculos da remunera\u00e7\u00e3o vari\u00e1vel referente ao primeiro semestre. \u201cMais uma vez, o Santander ir\u00e1 creditar a [&hellip;]<\/p>\n","protected":false},"author":2,"featured_media":13123,"comment_status":"","ping_status":"","sticky":false,"template":"","format":"standard","meta":{"footnotes":""},"categories":[3],"tags":[],"class_list":["post-13124","post","type-post","status-publish","format-standard","has-post-thumbnail","hentry","category-noticias"],"_links":{"self":[{"href":"https:\/\/hostnetart.com.br\/baixada\/wp-json\/wp\/v2\/posts\/13124","targetHints":{"allow":["GET"]}}],"collection":[{"href":"https:\/\/hostnetart.com.br\/baixada\/wp-json\/wp\/v2\/posts"}],"about":[{"href":"https:\/\/hostnetart.com.br\/baixada\/wp-json\/wp\/v2\/types\/post"}],"author":[{"embeddable":true,"href":"https:\/\/hostnetart.com.br\/baixada\/wp-json\/wp\/v2\/users\/2"}],"replies":[{"embeddable":true,"href":"https:\/\/hostnetart.com.br\/baixada\/wp-json\/wp\/v2\/comments?post=13124"}],"version-history":[{"count":0,"href":"https:\/\/hostnetart.com.br\/baixada\/wp-json\/wp\/v2\/posts\/13124\/revisions"}],"wp:featuredmedia":[{"embeddable":true,"href":"https:\/\/hostnetart.com.br\/baixada\/wp-json\/wp\/v2\/media\/13123"}],"wp:attachment":[{"href":"https:\/\/hostnetart.com.br\/baixada\/wp-json\/wp\/v2\/media?parent=13124"}],"wp:term":[{"taxonomy":"category","embeddable":true,"href":"https:\/\/hostnetart.com.br\/baixada\/wp-json\/wp\/v2\/categories?post=13124"},{"taxonomy":"post_tag","embeddable":true,"href":"https:\/\/hostnetart.com.br\/baixada\/wp-json\/wp\/v2\/tags?post=13124"}],"curies":[{"name":"wp","href":"https:\/\/api.w.org\/{rel}","templated":true}]}}