{"id":13120,"date":"2022-09-12T18:33:49","date_gmt":"2022-09-12T21:33:49","guid":{"rendered":"https:\/\/hostnetart.com.br\/baixada\/negociacoes-continuam-com-o-santander\/"},"modified":"2022-09-12T18:33:49","modified_gmt":"2022-09-12T21:33:49","slug":"negociacoes-continuam-com-o-santander","status":"publish","type":"post","link":"https:\/\/hostnetart.com.br\/baixada\/negociacoes-continuam-com-o-santander\/","title":{"rendered":"Negocia\u00e7\u00f5es continuam com o Santander"},"content":{"rendered":"<p>As negocia\u00e7\u00f5es com o Santander para a renova\u00e7\u00e3o do Acordo Coletivo de Trabalho aditivo \u00e0 Conven\u00e7\u00e3o Coletiva de Trabalho ainda est\u00e3o em andamento.<\/p>\n<p>\u201cO banco j\u00e1 sinalizou avan\u00e7os importantes, como, por exemplo, a extens\u00e3o do per\u00edodo de amamenta\u00e7\u00e3o de nove para 12 meses, a inclus\u00e3o de uma cl\u00e1usula de rep\u00fadio sobre viol\u00eancia contra a mulher e melhorias no combate ao ass\u00e9dio moral e sexual\u201d, afirmou a coordenadora da Comiss\u00e3o de Organiza\u00e7\u00e3o dos Empregados (COE) do Santander, Lucimara Malaquias. \u201cMas, aguardamos um retorno positivo quanto \u00e0 manuten\u00e7\u00e3o dos canais de negocia\u00e7\u00e3o com os trabalhadores, bem como o fortalecimento do comit\u00ea de rela\u00e7\u00f5es trabalhistas\u201d, completou.<\/p>\n<p>O movimento j\u00e1 realizou diversas conversas com o banco, na tentativa de refor\u00e7ar a import\u00e2ncia e a responsabilidade do banco com o di\u00e1logo com as entidades sindicais.<\/p>\n<p><strong>Fonte: Contraf-CUT<\/strong><\/p>\n<p>\u00a0<\/p>\n","protected":false},"excerpt":{"rendered":"<p>As negocia\u00e7\u00f5es com o Santander para a renova\u00e7\u00e3o do Acordo Coletivo de Trabalho aditivo \u00e0 Conven\u00e7\u00e3o Coletiva de Trabalho ainda est\u00e3o em andamento. \u201cO banco j\u00e1 sinalizou avan\u00e7os importantes, como, por exemplo, a extens\u00e3o do per\u00edodo de amamenta\u00e7\u00e3o de nove para 12 meses, a inclus\u00e3o de uma cl\u00e1usula de rep\u00fadio sobre viol\u00eancia contra a mulher [&hellip;]<\/p>\n","protected":false},"author":2,"featured_media":13119,"comment_status":"","ping_status":"","sticky":false,"template":"","format":"standard","meta":{"footnotes":""},"categories":[3],"tags":[],"class_list":["post-13120","post","type-post","status-publish","format-standard","has-post-thumbnail","hentry","category-noticias"],"_links":{"self":[{"href":"https:\/\/hostnetart.com.br\/baixada\/wp-json\/wp\/v2\/posts\/13120","targetHints":{"allow":["GET"]}}],"collection":[{"href":"https:\/\/hostnetart.com.br\/baixada\/wp-json\/wp\/v2\/posts"}],"about":[{"href":"https:\/\/hostnetart.com.br\/baixada\/wp-json\/wp\/v2\/types\/post"}],"author":[{"embeddable":true,"href":"https:\/\/hostnetart.com.br\/baixada\/wp-json\/wp\/v2\/users\/2"}],"replies":[{"embeddable":true,"href":"https:\/\/hostnetart.com.br\/baixada\/wp-json\/wp\/v2\/comments?post=13120"}],"version-history":[{"count":0,"href":"https:\/\/hostnetart.com.br\/baixada\/wp-json\/wp\/v2\/posts\/13120\/revisions"}],"wp:featuredmedia":[{"embeddable":true,"href":"https:\/\/hostnetart.com.br\/baixada\/wp-json\/wp\/v2\/media\/13119"}],"wp:attachment":[{"href":"https:\/\/hostnetart.com.br\/baixada\/wp-json\/wp\/v2\/media?parent=13120"}],"wp:term":[{"taxonomy":"category","embeddable":true,"href":"https:\/\/hostnetart.com.br\/baixada\/wp-json\/wp\/v2\/categories?post=13120"},{"taxonomy":"post_tag","embeddable":true,"href":"https:\/\/hostnetart.com.br\/baixada\/wp-json\/wp\/v2\/tags?post=13120"}],"curies":[{"name":"wp","href":"https:\/\/api.w.org\/{rel}","templated":true}]}}