{"id":13118,"date":"2022-09-12T14:29:12","date_gmt":"2022-09-12T17:29:12","guid":{"rendered":"https:\/\/hostnetart.com.br\/baixada\/bradesco-pagara-plr-dia-16-de-setembro\/"},"modified":"2022-09-12T14:29:12","modified_gmt":"2022-09-12T17:29:12","slug":"bradesco-pagara-plr-dia-16-de-setembro","status":"publish","type":"post","link":"https:\/\/hostnetart.com.br\/baixada\/bradesco-pagara-plr-dia-16-de-setembro\/","title":{"rendered":"Bradesco pagar\u00e1 PLR dia 16 de setembro"},"content":{"rendered":"<p>A pedido do movimento sindical, o Bradesco vai antecipar para o dia 16 de setembro o pagamento da primeira parcela da Participa\u00e7\u00e3o nos Lucros e Resultados (PLR). De acordo com a Conven\u00e7\u00e3o Coletiva de Trabalho (CCR), o pagamento poderia ser realizado at\u00e9 o dia 30. O valor do teto da parcela adicional ser\u00e1 corrigido em 13%.<\/p>\n<p>O banco tamb\u00e9m antecipar\u00e1 para o dia 28 o pagamento do adicional de R$ 1.000 do vale alimenta\u00e7\u00e3o. O pagamento poderia ser realizado at\u00e9 20 de outubro. Os vales alimenta\u00e7\u00e3o (VA) e refei\u00e7\u00e3o (VR) do m\u00eas que vem tamb\u00e9m ser\u00e3o creditados no dia 28, j\u00e1 com a corre\u00e7\u00e3o de 10% conquistada na Campanha Nacional dos Banc\u00e1rios deste ano. As diferen\u00e7as do VA e do VR deste m\u00eas e a 13\u00aa Cesta Alimenta\u00e7\u00e3o tamb\u00e9m ser\u00e3o creditadas no mesmo dia (28\/9).<\/p>\n<p>\u201cOs reajustes vir\u00e3o com aumento acima da infla\u00e7\u00e3o, gra\u00e7as \u00e0 mobiliza\u00e7\u00e3o da categoria, que ajudou a nos mantermos firmes nas negocia\u00e7\u00f5es com os bancos. \u00c9 uma importante conquista que beneficiar\u00e1 banc\u00e1rias e banc\u00e1rios de todo o pa\u00eds\u201d, frisou a presidenta da Confedera\u00e7\u00e3o Nacional dos Trabalhadores do Ramo Financeiro (Contraf-CUT) e coordenadora do Comando Nacional dos Banc\u00e1rios, Juvandia Moreira.<\/p>\n<p>\u201cO banco ter atendido nossa reivindica\u00e7\u00e3o de antecipa\u00e7\u00e3o dos pagamentos mostra tamb\u00e9m o reconhecimento pelo trabalho que os funcion\u00e1rios desempenham para que o banco obtenha os resultados que vem tendo ao logo dos anos\u201d, disse a coordenadora da Comiss\u00e3o de Organiza\u00e7\u00e3o dos Empregados (COE) do Bradesco, Magaly Fagundes.<\/p>\n<p><strong><em>Fonte: Contraf-CUT<\/em><\/strong><\/p>\n","protected":false},"excerpt":{"rendered":"<p>A pedido do movimento sindical, o Bradesco vai antecipar para o dia 16 de setembro o pagamento da primeira parcela da Participa\u00e7\u00e3o nos Lucros e Resultados (PLR). De acordo com a Conven\u00e7\u00e3o Coletiva de Trabalho (CCR), o pagamento poderia ser realizado at\u00e9 o dia 30. O valor do teto da parcela adicional ser\u00e1 corrigido em [&hellip;]<\/p>\n","protected":false},"author":2,"featured_media":13117,"comment_status":"","ping_status":"","sticky":false,"template":"","format":"standard","meta":{"footnotes":""},"categories":[3],"tags":[],"class_list":["post-13118","post","type-post","status-publish","format-standard","has-post-thumbnail","hentry","category-noticias"],"_links":{"self":[{"href":"https:\/\/hostnetart.com.br\/baixada\/wp-json\/wp\/v2\/posts\/13118","targetHints":{"allow":["GET"]}}],"collection":[{"href":"https:\/\/hostnetart.com.br\/baixada\/wp-json\/wp\/v2\/posts"}],"about":[{"href":"https:\/\/hostnetart.com.br\/baixada\/wp-json\/wp\/v2\/types\/post"}],"author":[{"embeddable":true,"href":"https:\/\/hostnetart.com.br\/baixada\/wp-json\/wp\/v2\/users\/2"}],"replies":[{"embeddable":true,"href":"https:\/\/hostnetart.com.br\/baixada\/wp-json\/wp\/v2\/comments?post=13118"}],"version-history":[{"count":0,"href":"https:\/\/hostnetart.com.br\/baixada\/wp-json\/wp\/v2\/posts\/13118\/revisions"}],"wp:featuredmedia":[{"embeddable":true,"href":"https:\/\/hostnetart.com.br\/baixada\/wp-json\/wp\/v2\/media\/13117"}],"wp:attachment":[{"href":"https:\/\/hostnetart.com.br\/baixada\/wp-json\/wp\/v2\/media?parent=13118"}],"wp:term":[{"taxonomy":"category","embeddable":true,"href":"https:\/\/hostnetart.com.br\/baixada\/wp-json\/wp\/v2\/categories?post=13118"},{"taxonomy":"post_tag","embeddable":true,"href":"https:\/\/hostnetart.com.br\/baixada\/wp-json\/wp\/v2\/tags?post=13118"}],"curies":[{"name":"wp","href":"https:\/\/api.w.org\/{rel}","templated":true}]}}