{"id":13114,"date":"2022-09-09T21:51:23","date_gmt":"2022-09-10T00:51:23","guid":{"rendered":"https:\/\/hostnetart.com.br\/baixada\/banco-safra-paga-plr-dia-23-de-setembro\/"},"modified":"2022-09-09T21:51:23","modified_gmt":"2022-09-10T00:51:23","slug":"banco-safra-paga-plr-dia-23-de-setembro","status":"publish","type":"post","link":"https:\/\/hostnetart.com.br\/baixada\/banco-safra-paga-plr-dia-23-de-setembro\/","title":{"rendered":"Banco Safra paga PLR dia 23 de setembro"},"content":{"rendered":"<p>Depois da reivindica\u00e7\u00e3o de antecipa\u00e7\u00e3o da primeira parcela da Participa\u00e7\u00e3o nos Lucros e\/ou Resultados (PLR) 2022, feita pela Confedera\u00e7\u00e3o Nacional dos Trabalhadores do Ramo Financeiro (Contraf-CUT), o pagamento ser\u00e1 efeituado pelo Banco Safra no dia 23 de setembro, junto com a folha de pagamento. Al\u00e9m disto, os trabalhadores garantiram os 20% da PLR adicional para os cargos t\u00e9cnicos e administrativos.<\/p>\n<p>\u201cA garantia de todos os direitos da conven\u00e7\u00e3o coletiva de trabalho, incluindo a PLR, \u00e9 resultado da organiza\u00e7\u00e3o da categoria, refor\u00e7ando a import\u00e2ncia de todos os banc\u00e1rios e banc\u00e1rias se manterem sindicalizados a fim de tornar a entidade mais forte, representativa e combativa para lutar pelos nossos direitos e amplia\u00e7\u00e3o de conquistas\u201d, afirma Fl\u00e1vio Monteiro Moraes, dirigente sindical e banc\u00e1rio do Safra.<\/p>\n<h3>Est\u00edmulo \u00e0 economia<\/h3>\n<p>Segundo levantamento da subse\u00e7\u00e3o do Departamento Intersindical de Estat\u00edstica e Estudos Socioecon\u00f4micos (Dieese) na Contraf-CUT, o pagamento da PLR a toda a categoria de banc\u00e1rios do pa\u00eds colocar\u00e1 em circula\u00e7\u00e3o R$ 8,7 bilh\u00f5es at\u00e9 mar\u00e7o de 2023, sendo R$ 4 bilh\u00f5es j\u00e1 neste m\u00eas de setembro, com o pagamento da antecipa\u00e7\u00e3o.<\/p>\n<p>Considerando ainda o reajuste salarial de 8% e de 10% no VA e no VR, conquistados na Campanha Nacional 2022, ser\u00e3o R$ 14,2 bilh\u00f5es o valor adicional injetado pela categoria \u00e0 economia do pa\u00eds.\u00a0<a href=\"https:\/\/contrafcut.com.br\/noticias\/campanha-nacional-dos-bancarios-vai-estimular-economia-com-cerca-de-r-142-bilhoes\/?swcfpc=1\" target=\"_blank\" rel=\"noopener noreferrer\">Leia mais sobre esse assunto aqui<\/a>.<\/p>\n<p>A PLR dos banc\u00e1rios foi garantida ap\u00f3s a aprova\u00e7\u00e3o, em assembleia, e assinatura da Conven\u00e7\u00e3o Coletiva de Trabalho da categoria banc\u00e1ria. O acordo prev\u00ea, em 2022, reajuste de 10% nos vales alimenta\u00e7\u00e3o e refei\u00e7\u00e3o; reajuste de 13% na parcela adicional da PLR e de 8% na regra b\u00e1sica; um abono de R$ 1 mil na forma de 14\u00aa cesta alimenta\u00e7\u00e3o (paga somente este ano e at\u00e9 outubro); e reajuste de 8% nos sal\u00e1rios e demais verbas, como aux\u00edlio-creche\/bab\u00e1, por exemplo.<\/p>\n<p>Para 2023 j\u00e1 est\u00e1 garantida a reposi\u00e7\u00e3o da infla\u00e7\u00e3o mais 0,5% de aumento real nos sal\u00e1rios, em todos os valores fixos da PLR, no VA e VR e em todas as demais verbas previstas nas cl\u00e1usulas econ\u00f4micas da CCT, como aux\u00edlio-creche\/bab\u00e1, gratifica\u00e7\u00f5es e aux\u00edlio home office.<\/p>\n<p>O acordo, j\u00e1 neste ano, aumenta para acima da infla\u00e7\u00e3o a remunera\u00e7\u00e3o anual de 69% da categoria, portanto, a grande maioria dos trabalhadores banc\u00e1rios.<\/p>\n<h3>IR da PLR<\/h3>\n<p>H\u00e1 incid\u00eancia de Imposto de Renda sobre os valores pagos a t\u00edtulo de PLR acima de R$ 6.677,55 no ano (soma das duas parcelas recebidas no ano). Existe uma tabela espec\u00edfica para o IR sobre a PLR. Antes, a tabela de isen\u00e7\u00e3o era bem menor, seguia os mesmos valores da tabela de IR dos rendimentos salariais.\u00a0<a href=\"https:\/\/www.conjur.com.br\/2013-jun-22\/dilma-sanciona-lei-isenta-ir-participacao-lucros-mil\" target=\"_blank\" rel=\"noopener noreferrer\">Em 2013<\/a>, a ent\u00e3o presidenta Dilma Rousseff (PT) aumentou o valor de isen\u00e7\u00e3o da PLR para R$ 6.000.<\/p>\n<p>A PLR \u00e9 uma conquista importante da categoria banc\u00e1ria, que foi a primeira a garantir esse direito em Conven\u00e7\u00e3o Coletiva de Trabalho (CCT) Nacional, em 1995. Desde ent\u00e3o, a PLR dos banc\u00e1rios passou por muitos ajustes e melhorias, resultando em valores cada vez maiores.<\/p>\n<p><strong>Fonte: Contraf-CUT<\/strong><\/p>\n","protected":false},"excerpt":{"rendered":"<p>Depois da reivindica\u00e7\u00e3o de antecipa\u00e7\u00e3o da primeira parcela da Participa\u00e7\u00e3o nos Lucros e\/ou Resultados (PLR) 2022, feita pela Confedera\u00e7\u00e3o Nacional dos Trabalhadores do Ramo Financeiro (Contraf-CUT), o pagamento ser\u00e1 efeituado pelo Banco Safra no dia 23 de setembro, junto com a folha de pagamento. Al\u00e9m disto, os trabalhadores garantiram os 20% da PLR adicional para [&hellip;]<\/p>\n","protected":false},"author":2,"featured_media":13113,"comment_status":"","ping_status":"","sticky":false,"template":"","format":"standard","meta":{"footnotes":""},"categories":[3],"tags":[],"class_list":["post-13114","post","type-post","status-publish","format-standard","has-post-thumbnail","hentry","category-noticias"],"_links":{"self":[{"href":"https:\/\/hostnetart.com.br\/baixada\/wp-json\/wp\/v2\/posts\/13114","targetHints":{"allow":["GET"]}}],"collection":[{"href":"https:\/\/hostnetart.com.br\/baixada\/wp-json\/wp\/v2\/posts"}],"about":[{"href":"https:\/\/hostnetart.com.br\/baixada\/wp-json\/wp\/v2\/types\/post"}],"author":[{"embeddable":true,"href":"https:\/\/hostnetart.com.br\/baixada\/wp-json\/wp\/v2\/users\/2"}],"replies":[{"embeddable":true,"href":"https:\/\/hostnetart.com.br\/baixada\/wp-json\/wp\/v2\/comments?post=13114"}],"version-history":[{"count":0,"href":"https:\/\/hostnetart.com.br\/baixada\/wp-json\/wp\/v2\/posts\/13114\/revisions"}],"wp:featuredmedia":[{"embeddable":true,"href":"https:\/\/hostnetart.com.br\/baixada\/wp-json\/wp\/v2\/media\/13113"}],"wp:attachment":[{"href":"https:\/\/hostnetart.com.br\/baixada\/wp-json\/wp\/v2\/media?parent=13114"}],"wp:term":[{"taxonomy":"category","embeddable":true,"href":"https:\/\/hostnetart.com.br\/baixada\/wp-json\/wp\/v2\/categories?post=13114"},{"taxonomy":"post_tag","embeddable":true,"href":"https:\/\/hostnetart.com.br\/baixada\/wp-json\/wp\/v2\/tags?post=13114"}],"curies":[{"name":"wp","href":"https:\/\/api.w.org\/{rel}","templated":true}]}}