{"id":13112,"date":"2022-09-09T21:19:48","date_gmt":"2022-09-10T00:19:48","guid":{"rendered":"https:\/\/hostnetart.com.br\/baixada\/intransigente-bndes-encerra-negociacao-sem-acordo\/"},"modified":"2022-09-09T21:19:48","modified_gmt":"2022-09-10T00:19:48","slug":"intransigente-bndes-encerra-negociacao-sem-acordo","status":"publish","type":"post","link":"https:\/\/hostnetart.com.br\/baixada\/intransigente-bndes-encerra-negociacao-sem-acordo\/","title":{"rendered":"Intransigente, BNDES encerra negocia\u00e7\u00e3o sem acordo"},"content":{"rendered":"<p>O Banco Nacional de Desenvolvimento Econ\u00f4mico e Social (BNDES) encerrou as negocia\u00e7\u00f5es com seus funcion\u00e1rios, nesta quinta-feira (8), sem um acordo com a categoria, e anunciou que apenas segue nas conversa\u00e7\u00f5es com a media\u00e7\u00e3o do Tribunal Superior do Trabalho (TST). O BNDES \u00e9 o \u00fanico banco do pa\u00eds, entre p\u00fablicos e privados, que ainda n\u00e3o fechou acordo na Campanha Nacional 2022.<\/p>\n<p>\u201cDurante todo o processo, a dire\u00e7\u00e3o foi intransigente, quase nunca se disp\u00f4s a ouvir seus trabalhadores e apenas queria cortar conquistas adquiridas ao longo de anos, seguindo integralmente a cartilha do governo Bolsonaro de cortar direitos da classe trabalhadora\u201d, denunciou o vice-presidente da Confedera\u00e7\u00e3o Nacional dos Trabalhadores do Ramo Financeiro (Contraf-CUT), Vin\u00edcius Assump\u00e7\u00e3o, que participou das mesas com o banco.<\/p>\n<p>Os empregados haviam rejeitado, em\u00a0<a href=\"https:\/\/contrafcut.com.br\/noticias\/com-mais-de-98-dos-votos-empregados-do-sistema-bndes-rejeitam-propostas-para-act\/\" target=\"_blank\" rel=\"noopener noreferrer\">assembleia ocorrida no dia 24 de agosto<\/a>, por 98,09% dos 1.677 votos, a proposta de Acordo Coletivo de Trabalho (ACT) feita pelos representantes do Sistema BNDES, que inclui, al\u00e9m do banco, as subsidi\u00e1rias BNDESPAR e Finame. \u201cUm dos principais pontos respons\u00e1veis por essa esmagadora recusa \u00e9 a tentativa de mudan\u00e7as no plano de sa\u00fade, com a perda de direitos hist\u00f3ricos adquiridos\u201d, ressaltou o vice-presidente da Contraf-CUT.<\/p>\n<p>A Comiss\u00e3o dos Empregados mant\u00e9m sua proposta que inclui a cria\u00e7\u00e3o de um Grupo de Trabalho (GT) para a discuss\u00e3o do plano de sa\u00fade, a renova\u00e7\u00e3o autom\u00e1tica do ACT e, no m\u00ednimo, a ado\u00e7\u00e3o das\u00a0<a href=\"https:\/\/contrafcut.com.br\/noticias\/bancarios-assinam-acordos-com-os-bancos\/\" target=\"_blank\" rel=\"noopener noreferrer\">cl\u00e1usulas econ\u00f4micas negociadas para toda a categoria com a Federa\u00e7\u00e3o Nacional dos Bancos (Fenaban)<\/a>. \u201cMas nem isso eles quiseram aceitar. A mesa toda foi um teatro e a categoria est\u00e1 indignada\u201d, concluiu Vin\u00edcius.<\/p>\n<p><strong>Fonte: Contraf-CUT<\/strong><\/p>\n","protected":false},"excerpt":{"rendered":"<p>O Banco Nacional de Desenvolvimento Econ\u00f4mico e Social (BNDES) encerrou as negocia\u00e7\u00f5es com seus funcion\u00e1rios, nesta quinta-feira (8), sem um acordo com a categoria, e anunciou que apenas segue nas conversa\u00e7\u00f5es com a media\u00e7\u00e3o do Tribunal Superior do Trabalho (TST). O BNDES \u00e9 o \u00fanico banco do pa\u00eds, entre p\u00fablicos e privados, que ainda n\u00e3o [&hellip;]<\/p>\n","protected":false},"author":2,"featured_media":13111,"comment_status":"","ping_status":"","sticky":false,"template":"","format":"standard","meta":{"footnotes":""},"categories":[3],"tags":[],"class_list":["post-13112","post","type-post","status-publish","format-standard","has-post-thumbnail","hentry","category-noticias"],"_links":{"self":[{"href":"https:\/\/hostnetart.com.br\/baixada\/wp-json\/wp\/v2\/posts\/13112","targetHints":{"allow":["GET"]}}],"collection":[{"href":"https:\/\/hostnetart.com.br\/baixada\/wp-json\/wp\/v2\/posts"}],"about":[{"href":"https:\/\/hostnetart.com.br\/baixada\/wp-json\/wp\/v2\/types\/post"}],"author":[{"embeddable":true,"href":"https:\/\/hostnetart.com.br\/baixada\/wp-json\/wp\/v2\/users\/2"}],"replies":[{"embeddable":true,"href":"https:\/\/hostnetart.com.br\/baixada\/wp-json\/wp\/v2\/comments?post=13112"}],"version-history":[{"count":0,"href":"https:\/\/hostnetart.com.br\/baixada\/wp-json\/wp\/v2\/posts\/13112\/revisions"}],"wp:featuredmedia":[{"embeddable":true,"href":"https:\/\/hostnetart.com.br\/baixada\/wp-json\/wp\/v2\/media\/13111"}],"wp:attachment":[{"href":"https:\/\/hostnetart.com.br\/baixada\/wp-json\/wp\/v2\/media?parent=13112"}],"wp:term":[{"taxonomy":"category","embeddable":true,"href":"https:\/\/hostnetart.com.br\/baixada\/wp-json\/wp\/v2\/categories?post=13112"},{"taxonomy":"post_tag","embeddable":true,"href":"https:\/\/hostnetart.com.br\/baixada\/wp-json\/wp\/v2\/tags?post=13112"}],"curies":[{"name":"wp","href":"https:\/\/api.w.org\/{rel}","templated":true}]}}