{"id":13110,"date":"2022-09-08T14:37:26","date_gmt":"2022-09-08T17:37:26","guid":{"rendered":"https:\/\/hostnetart.com.br\/baixada\/endividamento-das-familias-bate-novo-recorde-e-chega-a-79\/"},"modified":"2022-09-08T14:37:26","modified_gmt":"2022-09-08T17:37:26","slug":"endividamento-das-familias-bate-novo-recorde-e-chega-a-79","status":"publish","type":"post","link":"https:\/\/hostnetart.com.br\/baixada\/endividamento-das-familias-bate-novo-recorde-e-chega-a-79\/","title":{"rendered":"Endividamento das fam\u00edlias bate novo recorde e chega a 79%"},"content":{"rendered":"<p>Pesquisa da Confedera\u00e7\u00e3o Nacional do Com\u00e9rcio de Bens, Servi\u00e7os e Turismo (CNC) mostra novo recorde de\u00a0<a href=\"https:\/\/www.redebrasilatual.com.br\/economia\/2022\/05\/familias-voltam-a-ter-endividamento-e-inadimplencia-recorde-em-abril\/\" target=\"_blank\" rel=\"noopener noreferrer\">endividamento<\/a>\u00a0e inadimpl\u00eancia das fam\u00edlias brasileias em agosto, passando de 78% para 79%. H\u00e1 um ano, esse percentual era de 72,9%. O porcentual de inadimplentes (pessoas com contas em atraso) passou de 29% para 29,6%. H\u00e1 um ano era de 25,6%, recorde da sondagem iniciada em 2010.<\/p>\n<p>Segundo os coordenadores da pesquisa, os resultados refletem um momento de infla\u00e7\u00e3o ainda pr\u00f3xima de dois d\u00edgitos e de alta de juros. Al\u00e9m de comprometer o or\u00e7amento do povo brasileiro, pode afetar a trajet\u00f3ria de retomada da economia passado o impacto da covid-19.<\/p>\n<p>\u201cPrincipalmente depois dos dados do \u00faltimo PIB (referentes ao 2.\u00ba trimestre), sabemos que o cr\u00e9dito tem sido uma via relevante para dar suporte ao consumo, tanto que o endividamento vem crescendo desde o ano passado\u201d, diz Izis Janote Ferreira, economista da CNC. Ela alerta que o alto endividamento pode comprometer a capacidade de consumo, principalmente, no pr\u00f3ximo ano.<\/p>\n<p>Segundo Izis, em uma perspectiva de emprego e renda, o aumento do endividamento n\u00e3o seria necessariamente um problema. Poderia significar mais consumo, especialmente de bens dur\u00e1veis, como carros e eletrodom\u00e9sticos, cujas compras costumam ser parceladas. Mas causa preocupa\u00e7\u00e3o que os n\u00fameros apresentados pela pesquisa se deem em meio a um mercado de trabalho que tem at\u00e9 criado empregos, mas com sal\u00e1rios mais baixos. Assim, o aumento do endividamento foi uma das formas encontradas pelo trabalhador para tentar cumprir com as despesas correntes.<\/p>\n<h2><span style=\"text-decoration: underline;\">Cart\u00f5es de cr\u00e9dito e endividamento<\/span><\/h2>\n<p>O cart\u00e3o de cr\u00e9dito se mant\u00e9m como principal credor dos brasileiros, respondendo por 85,3% das d\u00edvidas em agosto, mesma propor\u00e7\u00e3o de julho. No entanto, 3,5 pontos porcentuais abaixo do registrado em abril, m\u00eas em passou a registrar queda em sua utiliza\u00e7\u00e3o.<\/p>\n<p>Segundo especialistas, parte desse movimento \u00e9 estrutural e est\u00e1 mais relacionado com a estrat\u00e9gia dos varejistas do que com a demanda por parte das fam\u00edlias. Os comerciantes estariam fugindo dos juros cobrados pelos servi\u00e7os de financeiras e aproveitado alternativas oferecidas por bancos digitais, como parcelamentos diretamente com os consumidores. Tanto que tamb\u00e9m tem crescido o uso de carn\u00eas e cart\u00f5es pr\u00f3prios de varejistas nos \u00faltimos meses, em detrimento de instrumentos puramente financeiros.<\/p>\n<p>Por\u00e9m, ao mesmo tempo em que se mostra uma op\u00e7\u00e3o a mais para os consumidores fecharem as contas com o or\u00e7amento apertado, essas modalidades de financiamento tamb\u00e9m requerem aten\u00e7\u00e3o para evitar a desorganiza\u00e7\u00e3o das contas. Em agosto, 19,4% das d\u00edvidas das fam\u00edlias eram referentes a carn\u00eas e cart\u00f5es de lojas do varejo, aumento de 0,5 ponto porcentual ante julho.<\/p>\n<p>Para o professor de finan\u00e7as do Ibmec, Gilberto Braga, a retomada do credi\u00e1rio direto com os lojistas se tornou \u201cmais uma alternativa de pedalar o or\u00e7amento\u201d, como explicou ao\u00a0<em><a href=\"https:\/\/www.estadao.com.br\/\" target=\"_blank\" rel=\"noopener noreferrer\">Estad\u00e3o<\/a><\/em>. \u201cVirou mais uma fonte para ele tentar sobreviver no curto prazo\u201d, disse, ressaltando que essa fonte de cr\u00e9dito tamb\u00e9m tem limites, embora ele afirme que esse esgotamento dever\u00e1 ficar para 2023.<\/p>\n<p>O analista afirmou ao jornal que\u00a0boa parte do\u00a0<a href=\"https:\/\/www.redebrasilatual.com.br\/politica\/2022\/08\/auxili-brasil-lulistas-dominam-tema-redes\/\" target=\"_blank\" rel=\"noopener noreferrer\">Aux\u00edlio Brasil<\/a>\u00a0de R$ 600\u00a0dever\u00e1 ser usado para aliviar o saldo negativo nas finan\u00e7as das fam\u00edlias mais pobres at\u00e9 o fim do ano. O movimento de esgotamento, com poss\u00edvel piora da inadimpl\u00eancia, tender\u00e1 a ficar para 2023. \u201cVamos ter de esperar para ver como ficar\u00e1 o\u00a0Aux\u00edlio Brasil\u00a0no ano que vem. O mercado de trabalho tem tend\u00eancia de melhora.\u201d<\/p>\n<p><strong>Fonte: Rede Brasil Atual<\/strong><\/p>\n","protected":false},"excerpt":{"rendered":"<p>Pesquisa da Confedera\u00e7\u00e3o Nacional do Com\u00e9rcio de Bens, Servi\u00e7os e Turismo (CNC) mostra novo recorde de\u00a0endividamento\u00a0e inadimpl\u00eancia das fam\u00edlias brasileias em agosto, passando de 78% para 79%. H\u00e1 um ano, esse percentual era de 72,9%. O porcentual de inadimplentes (pessoas com contas em atraso) passou de 29% para 29,6%. H\u00e1 um ano era de 25,6%, [&hellip;]<\/p>\n","protected":false},"author":2,"featured_media":13109,"comment_status":"","ping_status":"","sticky":false,"template":"","format":"standard","meta":{"footnotes":""},"categories":[3],"tags":[],"class_list":["post-13110","post","type-post","status-publish","format-standard","has-post-thumbnail","hentry","category-noticias"],"_links":{"self":[{"href":"https:\/\/hostnetart.com.br\/baixada\/wp-json\/wp\/v2\/posts\/13110","targetHints":{"allow":["GET"]}}],"collection":[{"href":"https:\/\/hostnetart.com.br\/baixada\/wp-json\/wp\/v2\/posts"}],"about":[{"href":"https:\/\/hostnetart.com.br\/baixada\/wp-json\/wp\/v2\/types\/post"}],"author":[{"embeddable":true,"href":"https:\/\/hostnetart.com.br\/baixada\/wp-json\/wp\/v2\/users\/2"}],"replies":[{"embeddable":true,"href":"https:\/\/hostnetart.com.br\/baixada\/wp-json\/wp\/v2\/comments?post=13110"}],"version-history":[{"count":0,"href":"https:\/\/hostnetart.com.br\/baixada\/wp-json\/wp\/v2\/posts\/13110\/revisions"}],"wp:featuredmedia":[{"embeddable":true,"href":"https:\/\/hostnetart.com.br\/baixada\/wp-json\/wp\/v2\/media\/13109"}],"wp:attachment":[{"href":"https:\/\/hostnetart.com.br\/baixada\/wp-json\/wp\/v2\/media?parent=13110"}],"wp:term":[{"taxonomy":"category","embeddable":true,"href":"https:\/\/hostnetart.com.br\/baixada\/wp-json\/wp\/v2\/categories?post=13110"},{"taxonomy":"post_tag","embeddable":true,"href":"https:\/\/hostnetart.com.br\/baixada\/wp-json\/wp\/v2\/tags?post=13110"}],"curies":[{"name":"wp","href":"https:\/\/api.w.org\/{rel}","templated":true}]}}