{"id":13104,"date":"2022-09-05T15:07:38","date_gmt":"2022-09-05T18:07:38","guid":{"rendered":"https:\/\/hostnetart.com.br\/baixada\/campanha-nacional-dos-bancarios-vai-estimular-economia-com-cerca-de-r-14-2-bilhoes\/"},"modified":"2022-09-05T15:07:38","modified_gmt":"2022-09-05T18:07:38","slug":"campanha-nacional-dos-bancarios-vai-estimular-economia-com-cerca-de-r-14-2-bilhoes","status":"publish","type":"post","link":"https:\/\/hostnetart.com.br\/baixada\/campanha-nacional-dos-bancarios-vai-estimular-economia-com-cerca-de-r-14-2-bilhoes\/","title":{"rendered":"Campanha Nacional dos Banc\u00e1rios vai estimular economia com cerca de R$ 14,2 bilh\u00f5es"},"content":{"rendered":"<p>As conquistas da categoria banc\u00e1ria na Campanha Nacional 2022 ajudar\u00e3o a economia do pa\u00eds, com a inje\u00e7\u00e3o de um total adicional estimado em R$ 14,2 bilh\u00f5es, at\u00e9 o pr\u00f3ximo acordo ser fechado, em agosto 2024. Esse montante de recursos engloba reajuste salarial e dos vales alimenta\u00e7\u00e3o (VA) e refei\u00e7\u00e3o (VR), abono e Participa\u00e7\u00e3o nos Lucros e Resultados (PLR).<\/p>\n<p>O reajuste salarial de 8%, representa um acr\u00e9scimo anual de cerca de R$ 4,2 bilh\u00f5es na economia brasileira, com eleva\u00e7\u00e3o da massa salarial da categoria para R$ 56,4 bilh\u00f5es ao ano. A PLR sozinha colocar\u00e1 em circula\u00e7\u00e3o outros R$ 8,7 bilh\u00f5es at\u00e9 mar\u00e7o de 2023, sendo R$ 4 bilh\u00f5es j\u00e1 neste m\u00eas de setembro, com o pagamento da antecipa\u00e7\u00e3o.<\/p>\n<h3><strong>Est\u00edmulo ao setor de alimentos<\/strong><\/h3>\n<p>O reajuste no VA e no VR, de 10%, ser\u00e1 respons\u00e1vel por uma quantia adicional de R$ 932 milh\u00f5es, que eleva o montante desses benef\u00edcios a R$ 10,3 bilh\u00f5es anuais. O abono no VA de R$ 1.000 ser\u00e1 respons\u00e1vel pela introdu\u00e7\u00e3o de outros R$ 457 milh\u00f5es na economia.<\/p>\n<p>Todos os recursos referentes a esses direitos espec\u00edficos, por sua destina\u00e7\u00e3o dirigida, estimulam diretamente os setores produtivos e de servi\u00e7os relacionados a alimentos, que envolve em sua cadeia, setores como a produ\u00e7\u00e3o agropecu\u00e1ria, log\u00edstica e transportes, supermercados, bares e restaurantes, entre outros.<\/p>\n<h3><strong>For\u00e7a econ\u00f4mica da categoria<\/strong><\/h3>\n<p>Esses dados foram identificados por estudo da subse\u00e7\u00e3o do Departamento Intersindical de Estat\u00edstica e Estudos Socioecon\u00f4micos (Dieese) na Confedera\u00e7\u00e3o Nacional dos Trabalhadores do Ramo Financeiro (Contraf-CUT), feito com base na Rela\u00e7\u00e3o Anual de Informa\u00e7\u00f5es Sociais (RAIS), de 2019, nos balan\u00e7os dos bancos e na estimativa de 8,83% para o INPC da data base da categoria.<\/p>\n<p>De acordo com o economista do Dieese, Gustavo Cavarzan, \u201cos ganhos da categoria banc\u00e1ria s\u00e3o important\u00edssimos para recompor o poder de compra das banc\u00e1rias e dos banc\u00e1rios em um cen\u00e1rio econ\u00f4mico complicado, marcado principalmente pela alta dos pre\u00e7os dos alimentos, mas tamb\u00e9m para estimular a economia brasileira como um todo\u201d. O economista observa, ainda, que \u201co dinamismo de nossa economia \u00e9 fortemente determinado pelo mercado interno que depende de empregos de qualidade e de remunera\u00e7\u00e3o crescente e, nesse sentido, a Campanha Nacional da categoria banc\u00e1ria contribui para estimular in\u00fameros outros setores econ\u00f4micos como com\u00e9rcio, restaurantes e supermercados, com os bilh\u00f5es que j\u00e1 est\u00e3o sendo injetados na economia\u201d.<\/p>\n<p>Os novos n\u00fameros, que j\u00e1 incorporam os ganhos de banc\u00e1rias e banc\u00e1rios com a Campanha Nacional 2022, indicam que a categoria \u00e9 respons\u00e1vel por movimentar nada menos de R$ 75,8 bilh\u00f5es, em massa salarial, VA, VR, abono e PLR. Esse volume financeiro mostra sua relev\u00e2ncia para o pa\u00eds, n\u00e3o apenas pelos servi\u00e7os que presta \u00e0 sociedade, como tamb\u00e9m pela presen\u00e7a no sistema econ\u00f4mico brasileiro pela sua for\u00e7a de consumo.<\/p>\n<p>O secret\u00e1rio de Assuntos Socioecon\u00f4micos da Contraf-CUT, Walcir Previtale, avalia que \u201ca Campanha Nacional da categoria banc\u00e1ria \u00e9 a maior e mais importante negocia\u00e7\u00e3o salarial do pa\u00eds, envolve trabalhadores e trabalhadoras de todos os munic\u00edpios brasileiros, de bancos p\u00fablicos e privados\u201d. Como ressalta Walcir, \u201cas conquistas salariais, nos tickets refei\u00e7\u00e3o e alimenta\u00e7\u00e3o e na PLR ir\u00e3o ajudar o Brasil a enfrentar essa grave crise econ\u00f4mica que passamos atualmente, com aumento de pre\u00e7os, deteriora\u00e7\u00e3o do mercado de trabalho, estagna\u00e7\u00e3o econ\u00f4mica. Como sempre, a classe trabalhadora mostra que sua valoriza\u00e7\u00e3o significa mais demanda na economia e consequentemente mais emprego e renda para o Brasil\u201d.<\/p>\n<p><strong>Fonte: Contraf-CUT<\/strong><\/p>\n","protected":false},"excerpt":{"rendered":"<p>As conquistas da categoria banc\u00e1ria na Campanha Nacional 2022 ajudar\u00e3o a economia do pa\u00eds, com a inje\u00e7\u00e3o de um total adicional estimado em R$ 14,2 bilh\u00f5es, at\u00e9 o pr\u00f3ximo acordo ser fechado, em agosto 2024. Esse montante de recursos engloba reajuste salarial e dos vales alimenta\u00e7\u00e3o (VA) e refei\u00e7\u00e3o (VR), abono e Participa\u00e7\u00e3o nos Lucros [&hellip;]<\/p>\n","protected":false},"author":2,"featured_media":13103,"comment_status":"","ping_status":"","sticky":false,"template":"","format":"standard","meta":{"footnotes":""},"categories":[3],"tags":[],"class_list":["post-13104","post","type-post","status-publish","format-standard","has-post-thumbnail","hentry","category-noticias"],"_links":{"self":[{"href":"https:\/\/hostnetart.com.br\/baixada\/wp-json\/wp\/v2\/posts\/13104","targetHints":{"allow":["GET"]}}],"collection":[{"href":"https:\/\/hostnetart.com.br\/baixada\/wp-json\/wp\/v2\/posts"}],"about":[{"href":"https:\/\/hostnetart.com.br\/baixada\/wp-json\/wp\/v2\/types\/post"}],"author":[{"embeddable":true,"href":"https:\/\/hostnetart.com.br\/baixada\/wp-json\/wp\/v2\/users\/2"}],"replies":[{"embeddable":true,"href":"https:\/\/hostnetart.com.br\/baixada\/wp-json\/wp\/v2\/comments?post=13104"}],"version-history":[{"count":0,"href":"https:\/\/hostnetart.com.br\/baixada\/wp-json\/wp\/v2\/posts\/13104\/revisions"}],"wp:featuredmedia":[{"embeddable":true,"href":"https:\/\/hostnetart.com.br\/baixada\/wp-json\/wp\/v2\/media\/13103"}],"wp:attachment":[{"href":"https:\/\/hostnetart.com.br\/baixada\/wp-json\/wp\/v2\/media?parent=13104"}],"wp:term":[{"taxonomy":"category","embeddable":true,"href":"https:\/\/hostnetart.com.br\/baixada\/wp-json\/wp\/v2\/categories?post=13104"},{"taxonomy":"post_tag","embeddable":true,"href":"https:\/\/hostnetart.com.br\/baixada\/wp-json\/wp\/v2\/tags?post=13104"}],"curies":[{"name":"wp","href":"https:\/\/api.w.org\/{rel}","templated":true}]}}