{"id":1310,"date":"2013-08-15T00:00:00","date_gmt":"2013-08-15T03:00:00","guid":{"rendered":"https:\/\/hostnetart.com.br\/baixada\/segunda-rodada-entre-comando-e-fenaban-discute-emprego-nesta-quinta\/"},"modified":"2013-08-15T00:00:00","modified_gmt":"2013-08-15T03:00:00","slug":"segunda-rodada-entre-comando-e-fenaban-discute-emprego-nesta-quinta","status":"publish","type":"post","link":"https:\/\/hostnetart.com.br\/baixada\/segunda-rodada-entre-comando-e-fenaban-discute-emprego-nesta-quinta\/","title":{"rendered":"Segunda rodada entre Comando e Fenaban discute emprego nesta quinta"},"content":{"rendered":"<p>A segunda rodada de negocia\u00e7\u00e3o da Campanha 2013 entre o Comando Nacional dos Banc\u00e1rios, coordenado pela Contraf-CUT, e a Fenaban acontece nesta quinta-feira (15), a partir das 10h, em S\u00e3o Paulo, sobre as reivindica\u00e7\u00f5es acerca de emprego. Os debates continuar\u00e3o na manh\u00e3 desta sexta (16), quando tamb\u00e9m ser\u00e3o discutidas as demandas de igualdade de oportunidades.<\/p>\n<p>\u00a0<\/p>\n<p>Estar\u00e3o em discuss\u00e3o as propostas dos banc\u00e1rios, que incluem a proibi\u00e7\u00e3o das demiss\u00f5es imotivadas, o fim da rotatividade, mais contrata\u00e7\u00f5es, combate \u00e0s terceiriza\u00e7\u00f5es, amplia\u00e7\u00e3o do hor\u00e1rio de atendimento para das 9h \u00e0s 17h com dois turnos de trabalho e tempo m\u00e1ximo de perman\u00eancia nas filas, dentre outras.<\/p>\n<p>\u00a0<\/p>\n<p>\u201cVamos cobrar o atendimento das propostas de emprego da categoria, pois \u00e9 inaceit\u00e1vel que o sistema financeiro, que aufere lucros astron\u00f4micos, continue demitindo e cortando postos de trabalho, com exce\u00e7\u00e3o da Caixa e alguns bancos p\u00fablicos. A cria\u00e7\u00e3o de empregos precisa ser encarada pelos bancos como forma de melhorar as condi\u00e7\u00f5es de trabalho e uma contrapartida social para garantir um atendimento de qualidade para a popula\u00e7\u00e3o e contribuir para transformar crescimento econ\u00f4mico em desenvolvimento\u201d, afirma Carlos Cordeiro, presidente da Contraf-CUT e coordenador do Comando Nacional.<\/p>\n<p>\u00a0<\/p>\n<p>\u00a0<\/p>\n<p><strong>Bancos cortam empregos, apesar dos lucros bilion\u00e1rios\u00a0<\/strong><\/p>\n<p>\u00a0<\/p>\n<p>Somente nos \u00faltimos 12 meses o Ita\u00fa, o Santander, o Bradesco e o BB cortaram 10.530 empregos. Entre os meses de junho de 2012 e de 2013, o Ita\u00fa eliminou 4.458 vagas. No mesmo per\u00edodo, o Santander cortou 3.216 postos; o Bradesco, 2.580; e o BB, 276. No primeiro semestre deste ano, eles obtiveram lucros gigantescos de R$ 26 bilh\u00f5es.<\/p>\n<p>\u00a0<\/p>\n<p>A Caixa ainda n\u00e3o publicou o balan\u00e7o do primeiro semestre, mas entre mar\u00e7o de 2012 e mar\u00e7o de 2013 contratou 7.423, bem diferente dos outros quatro grandes bancos. O HSBC tamb\u00e9m n\u00e3o divulgou os n\u00fameros dos primeiros seis meses deste ano.<\/p>\n<p>\u00a0<\/p>\n<p>Al\u00e9m da redu\u00e7\u00e3o de postos de trabalho, os bancos demitiram milhares de funcion\u00e1rios, dentro da pol\u00edtica de rotatividade, substituindo trabalhadores com sal\u00e1rios maiores por outros com remunera\u00e7\u00f5es mais baixas. As institui\u00e7\u00f5es ainda mant\u00eam empregados em desvio de fun\u00e7\u00e3o, numa l\u00f3gica perversa de diminuir custos para turbinar os lucros.<\/p>\n<p>\u00a0<\/p>\n<p>\u00a0<\/p>\n<p><strong>Terceiriza\u00e7\u00e3o precariza rela\u00e7\u00f5es de trabalho<\/strong><\/p>\n<p>\u00a0<\/p>\n<p>A terceiriza\u00e7\u00e3o \u00e9 outra estrat\u00e9gia dos bancos para redu\u00e7\u00e3o dos custos. Eles transferem parte de suas atividades, que eram remuneradas de acordo com a Conven\u00e7\u00e3o Coletiva de Trabalho dos banc\u00e1rios, para outras empresas, tendo como objetivo reduzir despesas de pessoal.<\/p>\n<p>\u00a0<\/p>\n<p>Os trabalhadores terceirizados recebem um quarto do sal\u00e1rio dos banc\u00e1rios, n\u00e3o disp\u00f5em dos mesmos direitos, trabalham em condi\u00e7\u00f5es degradantes, cumprem metas elevadas, sofrem press\u00e3o e ass\u00e9dio moral e t\u00eam jornadas extenuantes. Al\u00e9m disso, n\u00e3o se sentem enquanto uma categoria profissional.<\/p>\n<p>\u00a0<\/p>\n<p>Como se n\u00e3o bastasse, os bancos t\u00eam ampliado os correspondentes, onde n\u00e3o h\u00e1 banc\u00e1rios nem vigilantes, precarizando o atendimento aos clientes e \u00e0 popula\u00e7\u00e3o. O n\u00famero disparou nos \u00faltimos anos, sobretudo, nas grandes cidades. J\u00e1 o total de ag\u00eancias e postos de atendimento est\u00e1 quase estagnado.<\/p>\n<p>\u00a0<\/p>\n<p>E os bancos est\u00e3o na linha de frente da press\u00e3o dos empres\u00e1rios para a aprova\u00e7\u00e3o do PL 4330 na Comiss\u00e3o de Constitui\u00e7\u00e3o e Justi\u00e7a e de Cidadania (CCJC) na C\u00e2mara dos Deputados, buscando terceirizar tamb\u00e9m caixas e gerentes.<\/p>\n<p>\u00a0<\/p>\n<p>\u201cQueremos trabalho decente, a preval\u00eancia dos direitos humanos e uma nova ordem social pautada pelos princ\u00edpios de justi\u00e7a social e valoriza\u00e7\u00e3o do trabalho\u201d, salienta a resolu\u00e7\u00e3o aprovada na segunda-feira (12) pela Executiva da Contraf-CUT.<\/p>\n<p>\u00a0<\/p>\n<p>\u00a0<\/p>\n<p><strong>Melhores condi\u00e7\u00f5es de trabalho<\/strong><\/p>\n<p>\u00a0<\/p>\n<p>O Comando Nacional vai cobrar tamb\u00e9m uma resposta dos bancos para as reivindica\u00e7\u00f5es sobre sa\u00fade do trabalhador e seguran\u00e7a banc\u00e1ria que foram discutidas na primeira rodada de negocia\u00e7\u00e3o da Campanha 2013, ocorrida nos \u00faltimos dias 8 e 9, na capital paulista.<\/p>\n<p>\u00a0<\/p>\n<p>\u201cAs propostas de melhoria das condi\u00e7\u00f5es de trabalho s\u00e3o priorit\u00e1rias na campanha deste ano e n\u00e3o ser\u00e1 poss\u00edvel firmar acordo se n\u00e3o houver avan\u00e7os e uma solu\u00e7\u00e3o para o problema das metas abusivas\u201d, reafirma Carlos Cordeiro. \u201cEsperamos uma posi\u00e7\u00e3o dos bancos\u201d, ressalta.<\/p>\n<p>\u00a0<\/p>\n<p>\u00a0<\/p>\n<p><strong>Calend\u00e1rio de luta<\/strong><\/p>\n<p>\u00a0<\/p>\n<p>\u00a0<\/p>\n<p><strong>Agosto<\/strong><\/p>\n<p>\u00a0<\/p>\n<p>15 e 16 \u2013 Segunda rodada de negocia\u00e7\u00e3o entre Comando e Fenaban<br \/>19 \u2013 Segunda rodada de negocia\u00e7\u00e3o entre Comando e Caixa<br \/>19 e 20 \u2013 Primeira rodada de negocia\u00e7\u00e3o entre Comando e Banco da Amaz\u00f4nia<br \/>22 \u2013 Dia Nacional de Luta, com passeatas dos banc\u00e1rios<br \/>28 \u2013 Dia do Banc\u00e1rio, com atos de comemora\u00e7\u00e3o e de mobiliza\u00e7\u00e3o<br \/>30 \u2013 Paralisa\u00e7\u00e3o nacional das centrais sindicais pela pauta da classe trabalhadora<\/p>\n<p>\u00a0<\/p>\n<p>\u00a0<\/p>\n<p><strong>Setembro<\/strong><\/p>\n<p>\u00a0<\/p>\n<p>3 \u2013 Previs\u00e3o de vota\u00e7\u00e3o do PL 4330 da terceiriza\u00e7\u00e3o na CCJC da C\u00e2mara<\/p>\n<p>\u00a0<br \/>Fonte: Contraf-CUT<\/p>\n","protected":false},"excerpt":{"rendered":"<p>A segunda rodada de negocia\u00e7\u00e3o da Campanha 2013 entre o Comando Nacional dos Banc\u00e1rios, coordenado pela Contraf-CUT, e a Fenaban acontece nesta quinta-feira (15), a partir das 10h, em S\u00e3o Paulo, sobre as reivindica\u00e7\u00f5es acerca de emprego. Os debates continuar\u00e3o na manh\u00e3 desta sexta (16), quando tamb\u00e9m ser\u00e3o discutidas as demandas de igualdade de oportunidades. [&hellip;]<\/p>\n","protected":false},"author":1,"featured_media":0,"comment_status":"","ping_status":"","sticky":false,"template":"","format":"standard","meta":{"footnotes":""},"categories":[3],"tags":[],"class_list":["post-1310","post","type-post","status-publish","format-standard","hentry","category-noticias"],"_links":{"self":[{"href":"https:\/\/hostnetart.com.br\/baixada\/wp-json\/wp\/v2\/posts\/1310","targetHints":{"allow":["GET"]}}],"collection":[{"href":"https:\/\/hostnetart.com.br\/baixada\/wp-json\/wp\/v2\/posts"}],"about":[{"href":"https:\/\/hostnetart.com.br\/baixada\/wp-json\/wp\/v2\/types\/post"}],"author":[{"embeddable":true,"href":"https:\/\/hostnetart.com.br\/baixada\/wp-json\/wp\/v2\/users\/1"}],"replies":[{"embeddable":true,"href":"https:\/\/hostnetart.com.br\/baixada\/wp-json\/wp\/v2\/comments?post=1310"}],"version-history":[{"count":0,"href":"https:\/\/hostnetart.com.br\/baixada\/wp-json\/wp\/v2\/posts\/1310\/revisions"}],"wp:attachment":[{"href":"https:\/\/hostnetart.com.br\/baixada\/wp-json\/wp\/v2\/media?parent=1310"}],"wp:term":[{"taxonomy":"category","embeddable":true,"href":"https:\/\/hostnetart.com.br\/baixada\/wp-json\/wp\/v2\/categories?post=1310"},{"taxonomy":"post_tag","embeddable":true,"href":"https:\/\/hostnetart.com.br\/baixada\/wp-json\/wp\/v2\/tags?post=1310"}],"curies":[{"name":"wp","href":"https:\/\/api.w.org\/{rel}","templated":true}]}}