{"id":13097,"date":"2022-09-02T22:41:33","date_gmt":"2022-09-03T01:41:33","guid":{"rendered":"https:\/\/hostnetart.com.br\/baixada\/bancarios-assinam-acordos-com-os-bancos\/"},"modified":"2022-09-02T22:41:33","modified_gmt":"2022-09-03T01:41:33","slug":"bancarios-assinam-acordos-com-os-bancos","status":"publish","type":"post","link":"https:\/\/hostnetart.com.br\/baixada\/bancarios-assinam-acordos-com-os-bancos\/","title":{"rendered":"Banc\u00e1rios assinam acordos com os bancos"},"content":{"rendered":"<p>Fruto de duras negocia\u00e7\u00f5es que duraram dois meses e meio, a nova Conven\u00e7\u00e3o Coletiva de Trabalho da categoria banc\u00e1ria e os Acordos Coletivos de Trabalho (ACTs) dos funcion\u00e1rios do Banco do Brasil e dos empregados da Caixa Econ\u00f4mica Federal foram assinados nesta sexta-feira (2), \u00e0s 12h, em S\u00e3o Paulo.<\/p>\n<p>A nova CCT, que foi aprovada na noite de quinta-feira (1\u00ba\/9) em assembleias realizadas por sindicatos da categoria de todo o pa\u00eds, ter\u00e1 vig\u00eancia at\u00e9 31 de agosto de 2024. Para 2022, traz reajuste de 8% nos sal\u00e1rios, aumento de 10% nos vales alimenta\u00e7\u00e3o (VA) e refei\u00e7\u00e3o (VR), al\u00e9m de um adicional de R$ 1.000,00 em vale alimenta\u00e7\u00e3o, a ser creditado at\u00e9 outubro de 2022. A proposta tamb\u00e9m prev\u00ea reajuste de 13% para o teto da parcela adicional da Participa\u00e7\u00e3o nos Lucros e Resultados (PLR) neste ano e, para 2023, aumento real de 0,5% (INPC + 0,5%) para sal\u00e1rios, PLR, VA\/VR e demais cl\u00e1usulas econ\u00f4micas. (<a href=\"https:\/\/contrafcut.com.br\/noticias\/bancarios-arrancam-proposta-com-conquistas?swcfpc=1\" target=\"_blank\" rel=\"noopener noreferrer\">leia mais sobre o acordo<\/a>).<\/p>\n<p>\u201cPoucas mesas t\u00eam uma representa\u00e7\u00e3o e unidade t\u00e3o grande quanto essa, que nos permite debater e avan\u00e7ar em reivindica\u00e7\u00f5es que atendem os anseios da categoria\u201d, disse a presidenta da Confedera\u00e7\u00e3o Nacional dos Trabalhadores do Ramo Financeiro (Contraf-CUT) e coordenadora do Comando Nacional dos Banc\u00e1rios, Juvandia Moreira.<\/p>\n<p>\u201cForam negocia\u00e7\u00f5es intensas durante mais de dois meses, sobre reivindica\u00e7\u00f5es que vieram diretamente das nossas bases, que participaram da constru\u00e7\u00e3o da minuta por meio da Consulta Nacional e de confer\u00eancias realizadas por sindicatos e federa\u00e7\u00f5es em suas bases\u201d, disse a presidenta do Sindicato dos Banc\u00e1rios de S\u00e3o Paulo, Osasco e Regi\u00e3o e tamb\u00e9m coordenadora do Comando Nacional dos Banc\u00e1rios, Ivone Silva. \u201cNossas negocia\u00e7\u00f5es servem de exemplo para outras categorias. Infelizmente, s\u00e3o poucas que conseguem negociar desta forma com a representa\u00e7\u00e3o patronal\u201d, completou.<\/p>\n<p>Para Juvandia, merecem ser destacados na nova Conven\u00e7\u00e3o os avan\u00e7os com as cl\u00e1usulas sobre teletrabalho e tamb\u00e9m sobre ass\u00e9dio sexual e ass\u00e9dio moral. \u201cEsta mesa de negocia\u00e7\u00f5es \u00e9 importante para a categoria, mas tamb\u00e9m para a sociedade, pois avan\u00e7a em temas que s\u00e3o relevantes para o conjunto dos trabalhadores e para todo o pa\u00eds\u201d, disse.<\/p>\n<p>A presidenta da Contraf-CUT tamb\u00e9m considera que foi importante avan\u00e7ar nos reajustes dos vales alimenta\u00e7\u00e3o e refei\u00e7\u00e3o e da PLR. \u201cCertamente o reajuste dos sal\u00e1rios tamb\u00e9m poderia ser melhor, j\u00e1 que os lucros e a rentabilidade dos bancos crescem muito acima da infla\u00e7\u00e3o, mas precisamos analisar o resultado da campanha levando em conta a conjuntura de ataques aos direitos dos trabalhadores, com os bancos irredut\u00edveis. Os privados apoiados por um governo que beneficia apenas a classe empresarial e os p\u00fablicos seguindo as orienta\u00e7\u00f5es deste mesmo governo, que quer tirar nossos direitos a qualquer custo\u201d, disse.<\/p>\n<h3><strong>Acordos coletivos<\/strong><\/h3>\n<p>Os novos Acordos Coletivos de Trabalho (ACTs) dos funcion\u00e1rios do Banco do Brasil, do Banco do Nordeste do Brasil e dos empregados da Caixa Econ\u00f4mica Federal dos empregados da Caixa tamb\u00e9m foram aprovados na quinta-feira (1), em assembleias realizadas em todo pa\u00eds.<\/p>\n<h3><strong>Caixa<\/strong><\/h3>\n<p>O ACT dos empregados da Caixa prev\u00ea a manuten\u00e7\u00e3o de todos os direitos e traz avan\u00e7os importantes, como o acordo de teletrabalho e a cria\u00e7\u00e3o do grupo para discutir as condi\u00e7\u00f5es de trabalho (<a href=\"https:\/\/contrafcut.com.br\/noticias\/cee-indica-aprovacao-do-act-especifico-da-caixa\/?swcfpc=1\" target=\"_blank\" rel=\"noopener noreferrer\">leia mais sobre o ACT da Caixa<\/a>).<\/p>\n<p>\u201cN\u00e3o t\u00ednhamos o acordo de teletrabalho e os empregados estavam vulner\u00e1veis. Tamb\u00e9m conquistamos a ajuda de custo e o controle de jornada para os trabalhadores que est\u00e3o em teletrabalho, para os empregados n\u00e3o tenham que arcar com os custos e nem tenham que ficar \u00e0 disposi\u00e7\u00e3o da Caixa 24 horas por dia\u201d, disse o coordenador da Comiss\u00e3o Executiva dos Empregados (CEE) da Caixa, Clot\u00e1rio Cardoso. \u201cOutro ponto importante foi o grupo de trabalho sobre condi\u00e7\u00f5es de trabalho. As condi\u00e7\u00f5es de trabalho na Caixa est\u00e3o muito ruins para os trabalhadores, com imposi\u00e7\u00e3o de metas inating\u00edveis, ass\u00e9dio moral e sexual\u201d, completou.<\/p>\n<h3><strong>Banco do Brasil<\/strong><\/h3>\n<p>Al\u00e9m de manter direitos, o novo ACT dos funcion\u00e1rios do Banco do Brasil tamb\u00e9m obteve avan\u00e7os importantes para os trabalhadores,\u00a0<a href=\"https:\/\/contrafcut.com.br\/noticias\/funcionarios-do-bb-conquistam-a-revisao-da-tabela-pip-na-campanha-nacional-2022\/?swcfpc=1\" target=\"_blank\" rel=\"noopener noreferrer\">o principal deles \u00e9 a revis\u00e3o da tabela PIP<\/a>, da Caixa de Previd\u00eancia dos Funcion\u00e1rios do Banco do Brasil (Previ), que impactar\u00e1 em mais recursos \u00e0 aposentadoria dos trabalhadores do BB (<a href=\"https:\/\/contrafcut.com.br\/noticias\/bb-funcionarios-barram-tentativa-do-banco-de-retirar-direitos-e-conquistam-novo-act\/?swcfpc=1\" target=\"_blank\" rel=\"noopener noreferrer\">leia mais sobre o ACT do BB<\/a>).<\/p>\n<p>\u201cNo ACT do Banco do Brasil, trouxemos um avan\u00e7o muito importante que era cobrado desde 1998 nos congressos de funcion\u00e1rios, que \u00e9 a possibilidade de altera\u00e7\u00e3o da tabela PIP. \u00c9 um incremento na reserva matem\u00e1tica individual, pensando no benef\u00edcio futuro\u201d, explicou o coordenador da Comiss\u00e3o de Empresa dos Funcion\u00e1rios do Banco do Brasil (CEBB), Jo\u00e3o Fukunaga. \u201cTamb\u00e9m conseguimos manter direitos. O Banco queria reduzir o ciclo avaliat\u00f3rio da GDP (Programa de Gest\u00e3o de Desempenho de Pessoas) para um \u00fanico semestre e n\u00f3s n\u00e3o aceitamos. Mas, \u00e9 importante que o banc\u00e1rio do BB entenda que s\u00f3 conseguimos avan\u00e7ar e evitar esta redu\u00e7\u00e3o devido a unidade da categoria, que negocia em mesa \u00fanica, que re\u00fane bancos privados e p\u00fablicos. Quando o BB se recusou a negociar, o Comando Nacional dos Banc\u00e1rios disse que somente haveria acordo se o Banco do Brasil desistisse de retirar direitos dos trabalhadores. E foi isso que fez o banco recuar e nos ajudou a superar o desafio da GDP\u201d, completou.<\/p>\n<p><strong>Fonte: Contraf-CUT<\/strong><\/p>\n","protected":false},"excerpt":{"rendered":"<p>Fruto de duras negocia\u00e7\u00f5es que duraram dois meses e meio, a nova Conven\u00e7\u00e3o Coletiva de Trabalho da categoria banc\u00e1ria e os Acordos Coletivos de Trabalho (ACTs) dos funcion\u00e1rios do Banco do Brasil e dos empregados da Caixa Econ\u00f4mica Federal foram assinados nesta sexta-feira (2), \u00e0s 12h, em S\u00e3o Paulo. A nova CCT, que foi aprovada [&hellip;]<\/p>\n","protected":false},"author":2,"featured_media":13096,"comment_status":"","ping_status":"","sticky":false,"template":"","format":"standard","meta":{"footnotes":""},"categories":[3],"tags":[],"class_list":["post-13097","post","type-post","status-publish","format-standard","has-post-thumbnail","hentry","category-noticias"],"_links":{"self":[{"href":"https:\/\/hostnetart.com.br\/baixada\/wp-json\/wp\/v2\/posts\/13097","targetHints":{"allow":["GET"]}}],"collection":[{"href":"https:\/\/hostnetart.com.br\/baixada\/wp-json\/wp\/v2\/posts"}],"about":[{"href":"https:\/\/hostnetart.com.br\/baixada\/wp-json\/wp\/v2\/types\/post"}],"author":[{"embeddable":true,"href":"https:\/\/hostnetart.com.br\/baixada\/wp-json\/wp\/v2\/users\/2"}],"replies":[{"embeddable":true,"href":"https:\/\/hostnetart.com.br\/baixada\/wp-json\/wp\/v2\/comments?post=13097"}],"version-history":[{"count":0,"href":"https:\/\/hostnetart.com.br\/baixada\/wp-json\/wp\/v2\/posts\/13097\/revisions"}],"wp:featuredmedia":[{"embeddable":true,"href":"https:\/\/hostnetart.com.br\/baixada\/wp-json\/wp\/v2\/media\/13096"}],"wp:attachment":[{"href":"https:\/\/hostnetart.com.br\/baixada\/wp-json\/wp\/v2\/media?parent=13097"}],"wp:term":[{"taxonomy":"category","embeddable":true,"href":"https:\/\/hostnetart.com.br\/baixada\/wp-json\/wp\/v2\/categories?post=13097"},{"taxonomy":"post_tag","embeddable":true,"href":"https:\/\/hostnetart.com.br\/baixada\/wp-json\/wp\/v2\/tags?post=13097"}],"curies":[{"name":"wp","href":"https:\/\/api.w.org\/{rel}","templated":true}]}}