{"id":13093,"date":"2022-09-02T11:48:34","date_gmt":"2022-09-02T14:48:34","guid":{"rendered":"https:\/\/hostnetart.com.br\/baixada\/classe-media-paga-mesma-aliquota-de-ir-que-super-rico-aponta-estudo\/"},"modified":"2022-09-02T11:48:34","modified_gmt":"2022-09-02T14:48:34","slug":"classe-media-paga-mesma-aliquota-de-ir-que-super-rico-aponta-estudo","status":"publish","type":"post","link":"https:\/\/hostnetart.com.br\/baixada\/classe-media-paga-mesma-aliquota-de-ir-que-super-rico-aponta-estudo\/","title":{"rendered":"Classe m\u00e9dia paga mesma al\u00edquota de IR que super-rico, aponta estudo"},"content":{"rendered":"<p>Brasil de Fato \u2013 O sistema tribut\u00e1rio ideal \u00e9 aquele em que pessoas mais ricas pagam mais impostos e os mais pobres, menos. No Brasil, entretanto, essa realidade \u00e9 inversa, segundo um estudo do Sindicato Nacional dos Auditores-Fiscais da Receita Federal do Brasil (Sindifisco Nacional).<\/p>\n<p>Com base em dados de declara\u00e7\u00f5es de Imposto de Renda (IR) enviadas \u00e0 Receita, o sindicato concluiu que uma pessoa que recebe um sal\u00e1rio de R$ 8,5 mil paga mais imposto, proporcionalmente, do que quem ganha R$ 370 mil mensais. J\u00e1 quem ganha R$ 24 mil mensais chega a comprometer um percentual de sua renda com o IR que \u00e9 mais do que o dobro do percentual comprometidos pelos mais ricos.<\/p>\n<p><a href=\"https:\/\/www.redebrasilatual.com.br\/economia\/2022\/08\/orcamento-de-bolsonaro-para-2023-auxilio-menor-minimo-desvalorizado-e-tabela-do-ir-sem-correcao\/\" target=\"_blank\" rel=\"noopener noreferrer\">:: Or\u00e7amento de Bolsonaro para 2023: Aux\u00edlio menor, m\u00ednimo desvalorizado e tabela do IR sem corre\u00e7\u00e3o ::<\/a><\/p>\n<p>Essas conclus\u00f5es est\u00e3o no relat\u00f3rio \u201cAn\u00e1lise dos Dados das Declara\u00e7\u00f5es do IRPF no Brasil\u201d. O estudo calcula a al\u00edquota efetiva de IR cobrada sobre rendimentos de pessoas com diferentes faixas de renda. A al\u00edquota efetiva \u00e9 aquela que, de fato, \u00e9 paga pelo contribuinte ap\u00f3s descontos e isen\u00e7\u00f5es.<\/p>\n<p>De acordo com o estudo, os assalariados que receberam entre 5 e 7 sal\u00e1rios-m\u00ednimos em 2020 comprometeram 4,91% com o IR declarado em 2021. J\u00e1 quem recebia mais de 320 sal\u00e1rios-m\u00ednimos, comprometeu 5,25%.<\/p>\n<p>Em compensa\u00e7\u00e3o, quem recebia entre 20 e 30 sal\u00e1rios-m\u00ednimos por m\u00eas, comprometeu 11,89% de sua renda com o IR \u2013ou seja, mais que o dobro dos super-ricos.<\/p>\n<p>\u201cPessoas que ganham mais de 320 sal\u00e1rios-m\u00ednimos chegam a ter cerca de 70% da sua renda isenta, enquanto quem ganha dois sal\u00e1rios-m\u00ednimos paga sobre 70% do que ganha\u201d, criticou Isac Falc\u00e3o, presidente do Sindifisco Nacional. \u201cO princ\u00edpio da progressividade indica que deveria ocorrer exatamente o contr\u00e1rio, as pessoas de menor capacidade contributiva deveriam pagar proporcionalmente menos.\u201d<\/p>\n<h3><strong>Isen\u00e7\u00e3o de al\u00edquota de IR<\/strong><\/h3>\n<p>Parte da isen\u00e7\u00e3o aos super-ricos acontece porque boa parte de seus ganhos v\u00eam de fontes de recursos sobre os quais n\u00e3o incidem impostos.<\/p>\n<p>Para quem ganha mais de 240 sal\u00e1rios-m\u00ednimos, aproximadamente 68% dos rendimentos correspondem \u00e0 renda isenta e n\u00e3o-tribut\u00e1vel. Para quem ganha mais de 320 sal\u00e1rios, s\u00e3o 70%.<\/p>\n<p><a href=\"https:\/\/www.brasildefato.com.br\/2022\/06\/12\/opiniao-a-justica-fiscal-e-sempre-uma-escolha-politica\">:: Opini\u00e3o | A justi\u00e7a fiscal \u00e9 sempre uma escolha pol\u00edtica ::<\/a><\/p>\n<p>Ganhos com dividendos, por exemplo, comp\u00f5em parte dos ganhos dessa fatia da popula\u00e7\u00e3o. Dividendos s\u00e3o participa\u00e7\u00f5es em lucros de empresas. No Brasil, o ganho de pessoas f\u00edsicas com dividendos \u00e9 isento de IR.<\/p>\n<p>Por outro lado, nas faixas de rendas inferiores, entre 1 e 2 sal\u00e1rios-m\u00ednimos mensais, apenas 13% correspondem aos rendimentos isentos e n\u00e3o tribut\u00e1veis. Enquanto isso, 84% correspondem aos rendimentos tribut\u00e1veis. Sal\u00e1rio \u00e9 renda tribut\u00e1vel.<\/p>\n<p>\u201c\u00c9 inevit\u00e1vel a constata\u00e7\u00e3o de que este tipo de tratamento tribut\u00e1rio \u00e9 absolutamente n\u00e3o ison\u00f4mico e n\u00e3o equitativo\u201d, concluiu o Sindifisco.<\/p>\n<p>O sindicato defende uma reforma tribut\u00e1ria que torne a cobran\u00e7a de impostos mais justa no pa\u00eds. Defende ainda a corre\u00e7\u00e3o da tabela de cobran\u00e7a do IR,\u00a0<a href=\"https:\/\/www.brasildefato.com.br\/2022\/07\/19\/bolsonaro-deve-ser-primeiro-presidente-eleito-a-nao-corrigir-tabela-do-imposto-de-renda\" target=\"_blank\" rel=\"noopener noreferrer\">a qual foi prometida pelo presidente Jair Bolsonaro (PL) em sua campanha em 2018 e nunca foi concedida<\/a>.<\/p>\n<p><strong>Fonte: Rede Brasil Atual<\/strong><\/p>\n","protected":false},"excerpt":{"rendered":"<p>Brasil de Fato \u2013 O sistema tribut\u00e1rio ideal \u00e9 aquele em que pessoas mais ricas pagam mais impostos e os mais pobres, menos. No Brasil, entretanto, essa realidade \u00e9 inversa, segundo um estudo do Sindicato Nacional dos Auditores-Fiscais da Receita Federal do Brasil (Sindifisco Nacional). Com base em dados de declara\u00e7\u00f5es de Imposto de Renda [&hellip;]<\/p>\n","protected":false},"author":2,"featured_media":13092,"comment_status":"","ping_status":"","sticky":false,"template":"","format":"standard","meta":{"footnotes":""},"categories":[3],"tags":[],"class_list":["post-13093","post","type-post","status-publish","format-standard","has-post-thumbnail","hentry","category-noticias"],"_links":{"self":[{"href":"https:\/\/hostnetart.com.br\/baixada\/wp-json\/wp\/v2\/posts\/13093","targetHints":{"allow":["GET"]}}],"collection":[{"href":"https:\/\/hostnetart.com.br\/baixada\/wp-json\/wp\/v2\/posts"}],"about":[{"href":"https:\/\/hostnetart.com.br\/baixada\/wp-json\/wp\/v2\/types\/post"}],"author":[{"embeddable":true,"href":"https:\/\/hostnetart.com.br\/baixada\/wp-json\/wp\/v2\/users\/2"}],"replies":[{"embeddable":true,"href":"https:\/\/hostnetart.com.br\/baixada\/wp-json\/wp\/v2\/comments?post=13093"}],"version-history":[{"count":0,"href":"https:\/\/hostnetart.com.br\/baixada\/wp-json\/wp\/v2\/posts\/13093\/revisions"}],"wp:featuredmedia":[{"embeddable":true,"href":"https:\/\/hostnetart.com.br\/baixada\/wp-json\/wp\/v2\/media\/13092"}],"wp:attachment":[{"href":"https:\/\/hostnetart.com.br\/baixada\/wp-json\/wp\/v2\/media?parent=13093"}],"wp:term":[{"taxonomy":"category","embeddable":true,"href":"https:\/\/hostnetart.com.br\/baixada\/wp-json\/wp\/v2\/categories?post=13093"},{"taxonomy":"post_tag","embeddable":true,"href":"https:\/\/hostnetart.com.br\/baixada\/wp-json\/wp\/v2\/tags?post=13093"}],"curies":[{"name":"wp","href":"https:\/\/api.w.org\/{rel}","templated":true}]}}