{"id":13091,"date":"2022-09-01T22:28:17","date_gmt":"2022-09-02T01:28:17","guid":{"rendered":"https:\/\/hostnetart.com.br\/baixada\/bancarios-aprovam-nova-convencao-de-trabalho\/"},"modified":"2022-09-01T22:28:17","modified_gmt":"2022-09-02T01:28:17","slug":"bancarios-aprovam-nova-convencao-de-trabalho","status":"publish","type":"post","link":"https:\/\/hostnetart.com.br\/baixada\/bancarios-aprovam-nova-convencao-de-trabalho\/","title":{"rendered":"Banc\u00e1rios aprovam nova conven\u00e7\u00e3o de trabalho"},"content":{"rendered":"<p>Sindicatos de banc\u00e1rios realizaram assembleias em todo o pa\u00eds nesta quinta-feira (1\u00ba\/9) e aprovaram, com 78,37% dos votos, a nova Conven\u00e7\u00e3o Coletiva de Trabalho (CCT) da categoria. O percentual considera os resultados apenas das entidades sindicais que utilizam a plataforma de vota\u00e7\u00e3o eletr\u00f4nica disponibilizada pela Confedera\u00e7\u00e3o Nacional dos Trabalhadores do Ramo Financeiro (Contraf-CUT).<\/p>\n<p>Na Baixada Fluminense, o \u00edndice global de aprova\u00e7\u00e3o foi de 75,2%.<\/p>\n<p>Com a aprova\u00e7\u00e3o, a pr\u00f3xima fase \u00e9 a assinatura do acordo, prevista para esta sexta-feira (2).<\/p>\n<p>O acordo foi fechado ap\u00f3s dois meses e meio de duras negocia\u00e7\u00f5es, nas quais o Comando Nacional dos Banc\u00e1rios precisou arrancar da Federa\u00e7\u00e3o Nacional dos Bancos (Fenaban) uma proposta para 2022 e 2023, com reajuste de 8% nos sal\u00e1rios, aumento de 10% nos vales alimenta\u00e7\u00e3o (VA) e refei\u00e7\u00e3o (VR), al\u00e9m de um adicional de R$ 1.000,00 em vale alimenta\u00e7\u00e3o, a ser creditado at\u00e9 outubro de 2022. A proposta tamb\u00e9m prev\u00ea reajuste de 13% para o teto da parcela adicional da Participa\u00e7\u00e3o nos Lucros e Resultados (PLR) neste ano e, para 2023, aumento real de 0,5% (INPC + 0,5%) para sal\u00e1rios, PLR, VA\/VR e demais cl\u00e1usulas econ\u00f4micas. A nova CCT tamb\u00e9m traz avan\u00e7os com uma cl\u00e1usula sobre teletrabalho e tamb\u00e9m sobre ass\u00e9dio sexual e ass\u00e9dio moral (<a href=\"https:\/\/contrafcut.com.br\/noticias\/bancarios-arrancam-proposta-com-conquistas\" target=\"_blank\" rel=\"noopener noreferrer\">leia mais sobre o acordo<\/a>).<\/p>\n<p><strong>CAIXA<\/strong><\/p>\n<p>O novo Acordo Coletivo de Trabalho (ACT) dos empregados da Caixa foi aprovado nesta quinta-feira (1\u00ba) por 62,76% dos votantes das assembleias realizadas em todo pa\u00eds pela plataforma de vota\u00e7\u00e3o eletr\u00f4nica disponibilizada pela Confedera\u00e7\u00e3o Nacional dos Trabalhadores do Ramo Financeiro (Contraf-CUT). Com a aprova\u00e7\u00e3o, a pr\u00f3xima fase \u00e9 a assinatura do acordo, prevista para esta sexta-feira (2).<\/p>\n<p>O novo ACT dos empregados prev\u00ea a manuten\u00e7\u00e3o de todos os direitos e traz avan\u00e7os importantes, como o acordo de teletrabalho e a cria\u00e7\u00e3o do Grupo de Trabalho de condi\u00e7\u00f5es de trabalho (<a href=\"https:\/\/contrafcut.com.br\/noticias\/cee-indica-aprovacao-do-act-especifico-da-caixa\/?swcfpc=1\" target=\"_blank\" rel=\"noopener noreferrer\">leia mais sobre o ACT da Caixa<\/a>).<\/p>\n<p><strong>BANCO DO BRASIL<\/strong><\/p>\n<p>Com 61,21% dos votos, os funcion\u00e1rios do Banco do Brasil aprovaram, em assembleias realizadas em todo o pa\u00eds, o novo Acordo Coletivo de Trabalho (ACT), nesta quinta-feira (1\u00ba). O documento segue, agora, para a fase de assinatura, prevista para esta sexta-feira (2).<\/p>\n<p>Al\u00e9m de manter direitos, o novo ACT tamb\u00e9m obteve avan\u00e7os \u00e0 categoria, sendo\u00a0<a href=\"https:\/\/contrafcut.com.br\/noticias\/funcionarios-do-bb-conquistam-a-revisao-da-tabela-pip-na-campanha-nacional-2022\/\">a principal delas a revis\u00e3o da tabela PIP<\/a>, da Caixa de Previd\u00eancia dos Funcion\u00e1rios do Banco do Brasil (Previ), que impactar\u00e1 em mais recursos \u00e0 aposentadoria dos trabalhadores do BB.\u00a0<a href=\"https:\/\/contrafcut.com.br\/noticias\/bb-funcionarios-barram-tentativa-do-banco-de-retirar-direitos-e-conquistam-novo-act\/?swcfpc=1\">Clique aqui para ver as demais conquistas do novo ACT espec\u00edfico do BB<\/a>.<\/p>\n<p><em>*com informa\u00e7\u00f5es da Contraf-CUT<\/em><\/p>\n","protected":false},"excerpt":{"rendered":"<p>Sindicatos de banc\u00e1rios realizaram assembleias em todo o pa\u00eds nesta quinta-feira (1\u00ba\/9) e aprovaram, com 78,37% dos votos, a nova Conven\u00e7\u00e3o Coletiva de Trabalho (CCT) da categoria. O percentual considera os resultados apenas das entidades sindicais que utilizam a plataforma de vota\u00e7\u00e3o eletr\u00f4nica disponibilizada pela Confedera\u00e7\u00e3o Nacional dos Trabalhadores do Ramo Financeiro (Contraf-CUT). Na Baixada [&hellip;]<\/p>\n","protected":false},"author":2,"featured_media":13090,"comment_status":"","ping_status":"","sticky":false,"template":"","format":"standard","meta":{"footnotes":""},"categories":[3],"tags":[],"class_list":["post-13091","post","type-post","status-publish","format-standard","has-post-thumbnail","hentry","category-noticias"],"_links":{"self":[{"href":"https:\/\/hostnetart.com.br\/baixada\/wp-json\/wp\/v2\/posts\/13091","targetHints":{"allow":["GET"]}}],"collection":[{"href":"https:\/\/hostnetart.com.br\/baixada\/wp-json\/wp\/v2\/posts"}],"about":[{"href":"https:\/\/hostnetart.com.br\/baixada\/wp-json\/wp\/v2\/types\/post"}],"author":[{"embeddable":true,"href":"https:\/\/hostnetart.com.br\/baixada\/wp-json\/wp\/v2\/users\/2"}],"replies":[{"embeddable":true,"href":"https:\/\/hostnetart.com.br\/baixada\/wp-json\/wp\/v2\/comments?post=13091"}],"version-history":[{"count":0,"href":"https:\/\/hostnetart.com.br\/baixada\/wp-json\/wp\/v2\/posts\/13091\/revisions"}],"wp:featuredmedia":[{"embeddable":true,"href":"https:\/\/hostnetart.com.br\/baixada\/wp-json\/wp\/v2\/media\/13090"}],"wp:attachment":[{"href":"https:\/\/hostnetart.com.br\/baixada\/wp-json\/wp\/v2\/media?parent=13091"}],"wp:term":[{"taxonomy":"category","embeddable":true,"href":"https:\/\/hostnetart.com.br\/baixada\/wp-json\/wp\/v2\/categories?post=13091"},{"taxonomy":"post_tag","embeddable":true,"href":"https:\/\/hostnetart.com.br\/baixada\/wp-json\/wp\/v2\/tags?post=13091"}],"curies":[{"name":"wp","href":"https:\/\/api.w.org\/{rel}","templated":true}]}}