{"id":13089,"date":"2022-09-01T22:26:58","date_gmt":"2022-09-02T01:26:58","guid":{"rendered":"https:\/\/hostnetart.com.br\/baixada\/bb-aceita-pedido-da-contraf-cut-de-antecipacao-do-pagamento-da-plr\/"},"modified":"2022-09-01T22:26:58","modified_gmt":"2022-09-02T01:26:58","slug":"bb-aceita-pedido-da-contraf-cut-de-antecipacao-do-pagamento-da-plr","status":"publish","type":"post","link":"https:\/\/hostnetart.com.br\/baixada\/bb-aceita-pedido-da-contraf-cut-de-antecipacao-do-pagamento-da-plr\/","title":{"rendered":"BB aceita pedido da Contraf-CUT de antecipa\u00e7\u00e3o do pagamento da PLR"},"content":{"rendered":"<p>O Banco do Brasil respondeu, na tarde desta quinta-feira (1\u00ba), ao\u00a0<a href=\"https:\/\/contrafcut.com.br\/wp-content\/uploads\/2022\/09\/of-177822-solicitacao-de-antecipacao-do-pagamento-da-primeira-parcela-da-plr-2022.pdf\">of\u00edcio com o pedido de antecipa\u00e7\u00e3o<\/a>\u00a0feito pela Confedera\u00e7\u00e3o Nacional dos Trabalhadores do Ramo Financeiro (Contraf-CUT) para a antecipa\u00e7\u00e3o do pagamento.<\/p>\n<p>Caso a renova\u00e7\u00e3o do Acordo Coletivo do Trabalha (ACT) seja aprovada pelas assembleias dos trabalhadores que acontecem em todo o Brasil, o pagamento ser\u00e1 efetuado na pr\u00f3xima segunda-feira (5).<\/p>\n<p>Os valores seguir\u00e3o proporcionalmente o aumento do lucro do banco, ou seja, devem ser um dos maiores j\u00e1 pagos como PLR.<\/p>\n<p>\u201cEnviamos o pedido no dia 18 de agosto. Somente com a mobiliza\u00e7\u00e3o das funcion\u00e1rias e dos funcion\u00e1rios conseguimos a resposta positiva\u201d, relata Gustavo Tabatinga Jr., secret\u00e1rio-geral da Contraf-CUT. \u201c\u00c9 importante receber a PLR t\u00e3o logo assinado o acordo, considerando que os recursos j\u00e1 est\u00e3o provisionados e os dividendos j\u00e1 terem sido pagos\u201d, completou.<\/p>\n<p><strong>Fonte: Contraf-CUT<\/strong><\/p>\n","protected":false},"excerpt":{"rendered":"<p>O Banco do Brasil respondeu, na tarde desta quinta-feira (1\u00ba), ao\u00a0of\u00edcio com o pedido de antecipa\u00e7\u00e3o\u00a0feito pela Confedera\u00e7\u00e3o Nacional dos Trabalhadores do Ramo Financeiro (Contraf-CUT) para a antecipa\u00e7\u00e3o do pagamento. Caso a renova\u00e7\u00e3o do Acordo Coletivo do Trabalha (ACT) seja aprovada pelas assembleias dos trabalhadores que acontecem em todo o Brasil, o pagamento ser\u00e1 efetuado [&hellip;]<\/p>\n","protected":false},"author":2,"featured_media":13088,"comment_status":"","ping_status":"","sticky":false,"template":"","format":"standard","meta":{"footnotes":""},"categories":[3],"tags":[],"class_list":["post-13089","post","type-post","status-publish","format-standard","has-post-thumbnail","hentry","category-noticias"],"_links":{"self":[{"href":"https:\/\/hostnetart.com.br\/baixada\/wp-json\/wp\/v2\/posts\/13089","targetHints":{"allow":["GET"]}}],"collection":[{"href":"https:\/\/hostnetart.com.br\/baixada\/wp-json\/wp\/v2\/posts"}],"about":[{"href":"https:\/\/hostnetart.com.br\/baixada\/wp-json\/wp\/v2\/types\/post"}],"author":[{"embeddable":true,"href":"https:\/\/hostnetart.com.br\/baixada\/wp-json\/wp\/v2\/users\/2"}],"replies":[{"embeddable":true,"href":"https:\/\/hostnetart.com.br\/baixada\/wp-json\/wp\/v2\/comments?post=13089"}],"version-history":[{"count":0,"href":"https:\/\/hostnetart.com.br\/baixada\/wp-json\/wp\/v2\/posts\/13089\/revisions"}],"wp:featuredmedia":[{"embeddable":true,"href":"https:\/\/hostnetart.com.br\/baixada\/wp-json\/wp\/v2\/media\/13088"}],"wp:attachment":[{"href":"https:\/\/hostnetart.com.br\/baixada\/wp-json\/wp\/v2\/media?parent=13089"}],"wp:term":[{"taxonomy":"category","embeddable":true,"href":"https:\/\/hostnetart.com.br\/baixada\/wp-json\/wp\/v2\/categories?post=13089"},{"taxonomy":"post_tag","embeddable":true,"href":"https:\/\/hostnetart.com.br\/baixada\/wp-json\/wp\/v2\/tags?post=13089"}],"curies":[{"name":"wp","href":"https:\/\/api.w.org\/{rel}","templated":true}]}}