{"id":13087,"date":"2022-09-01T22:25:31","date_gmt":"2022-09-02T01:25:31","guid":{"rendered":"https:\/\/hostnetart.com.br\/baixada\/bancarios-do-itau-receberao-pcr-alem-da-plr\/"},"modified":"2022-09-01T22:25:31","modified_gmt":"2022-09-02T01:25:31","slug":"bancarios-do-itau-receberao-pcr-alem-da-plr","status":"publish","type":"post","link":"https:\/\/hostnetart.com.br\/baixada\/bancarios-do-itau-receberao-pcr-alem-da-plr\/","title":{"rendered":"Banc\u00e1rios do Ita\u00fa receber\u00e3o PCR al\u00e9m da PLR"},"content":{"rendered":"<p>Depois da assinatura da renova\u00e7\u00e3o da Conven\u00e7\u00e3o Coletiva de Trabalho (CCT), os banc\u00e1rios do Ita\u00fa, al\u00e9m de receber a Participa\u00e7\u00e3o no Lucros e\/ou Resultados (PLR), tamb\u00e9m v\u00e3o receber o Programa Complementar de Remunera\u00e7\u00e3o (PCR) 2022.<\/p>\n<p>O valor no ano passado, de R$ 3.075,95, ser\u00e1 corrigido pelo \u00edndice da Campanha Nacional 2022, de 8%. Com isso, o valor passa a ser R$3.361,62.<\/p>\n<p>Jair Alves, coordenador da Comiss\u00e3o de Organiza\u00e7\u00e3o dos Empregados (COE) do Ita\u00fa, lembra que esse valor tamb\u00e9m n\u00e3o \u00e9 compensado na PLR da CCT. \u201cA manuten\u00e7\u00e3o do PCR foi mais uma conquista do Comando Nacional dos Banc\u00e1rios durante as duras negocia\u00e7\u00f5es deste ano. Portanto, temos muito a comemorar\u201d.<\/p>\n<p><strong>Fonte: Contraf-CUT<\/strong><\/p>\n","protected":false},"excerpt":{"rendered":"<p>Depois da assinatura da renova\u00e7\u00e3o da Conven\u00e7\u00e3o Coletiva de Trabalho (CCT), os banc\u00e1rios do Ita\u00fa, al\u00e9m de receber a Participa\u00e7\u00e3o no Lucros e\/ou Resultados (PLR), tamb\u00e9m v\u00e3o receber o Programa Complementar de Remunera\u00e7\u00e3o (PCR) 2022. O valor no ano passado, de R$ 3.075,95, ser\u00e1 corrigido pelo \u00edndice da Campanha Nacional 2022, de 8%. Com isso, [&hellip;]<\/p>\n","protected":false},"author":2,"featured_media":13086,"comment_status":"","ping_status":"","sticky":false,"template":"","format":"standard","meta":{"footnotes":""},"categories":[3],"tags":[],"class_list":["post-13087","post","type-post","status-publish","format-standard","has-post-thumbnail","hentry","category-noticias"],"_links":{"self":[{"href":"https:\/\/hostnetart.com.br\/baixada\/wp-json\/wp\/v2\/posts\/13087","targetHints":{"allow":["GET"]}}],"collection":[{"href":"https:\/\/hostnetart.com.br\/baixada\/wp-json\/wp\/v2\/posts"}],"about":[{"href":"https:\/\/hostnetart.com.br\/baixada\/wp-json\/wp\/v2\/types\/post"}],"author":[{"embeddable":true,"href":"https:\/\/hostnetart.com.br\/baixada\/wp-json\/wp\/v2\/users\/2"}],"replies":[{"embeddable":true,"href":"https:\/\/hostnetart.com.br\/baixada\/wp-json\/wp\/v2\/comments?post=13087"}],"version-history":[{"count":0,"href":"https:\/\/hostnetart.com.br\/baixada\/wp-json\/wp\/v2\/posts\/13087\/revisions"}],"wp:featuredmedia":[{"embeddable":true,"href":"https:\/\/hostnetart.com.br\/baixada\/wp-json\/wp\/v2\/media\/13086"}],"wp:attachment":[{"href":"https:\/\/hostnetart.com.br\/baixada\/wp-json\/wp\/v2\/media?parent=13087"}],"wp:term":[{"taxonomy":"category","embeddable":true,"href":"https:\/\/hostnetart.com.br\/baixada\/wp-json\/wp\/v2\/categories?post=13087"},{"taxonomy":"post_tag","embeddable":true,"href":"https:\/\/hostnetart.com.br\/baixada\/wp-json\/wp\/v2\/tags?post=13087"}],"curies":[{"name":"wp","href":"https:\/\/api.w.org\/{rel}","templated":true}]}}