{"id":13085,"date":"2022-09-01T22:23:12","date_gmt":"2022-09-02T01:23:12","guid":{"rendered":"https:\/\/hostnetart.com.br\/baixada\/e-fake-news-que-presidentes-e-diretores-do-bb-receberao-aumento\/"},"modified":"2022-09-01T22:23:12","modified_gmt":"2022-09-02T01:23:12","slug":"e-fake-news-que-presidentes-e-diretores-do-bb-receberao-aumento","status":"publish","type":"post","link":"https:\/\/hostnetart.com.br\/baixada\/e-fake-news-que-presidentes-e-diretores-do-bb-receberao-aumento\/","title":{"rendered":"\u00c9 fake news que presidentes e diretores do BB receber\u00e3o aumento"},"content":{"rendered":"<p>\u00c9 fake news que os sal\u00e1rios de presidente, vice-presidentes e diretores do Banco do Brasil receber\u00e3o aumento, todos eles seguem com os vencimentos congelados. Um texto com a falsa informa\u00e7\u00e3o est\u00e1 circulando nas redes sociais e grupos do WhatsApp, sugerindo que os banc\u00e1rios e as banc\u00e1rias do BB n\u00e3o aprovem a renova\u00e7\u00e3o do Acordo Coletivo de Trabalho (ACT) espec\u00edfico do BB, conquistado pela Comiss\u00e3o de Empresa dos Funcion\u00e1rios do Banco do Brasil (CEBB), na quarta-feira (31).<\/p>\n<p>\u201cEssa informa\u00e7\u00e3o \u00e9 de m\u00e1-f\u00e9, porque joga com os nossos direitos, com a nossa luta e com a nossa organiza\u00e7\u00e3o\u201d, destacou o coordenador da CEBB, Jo\u00e3o Fukunaga. \u201cSe olharmos a ata da Assembleia Extraordin\u00e1ria dos Acionistas do Banco do Brasil, isso foi tirado de pauta. Ou seja, a quest\u00e3o do aumento deles nem foi \u00e0 vota\u00e7\u00e3o. E s\u00f3 pode ter esse reajuste com a aprova\u00e7\u00e3o da Assembleia Extraordin\u00e1ria dos Acionistas, porque eles s\u00e3o estatut\u00e1rios do Banco do Brasil e n\u00e3o funcion\u00e1rios do banco, como todos n\u00f3s\u201d, explicou.<\/p>\n<p>Ele tamb\u00e9m destacou que o pr\u00f3prio Tribunal de Contas da Uni\u00e3o (TCU) j\u00e1 se manifestou contra reajustes para presidente, vice-presidentes e diretores do BB. \u201cPara n\u00e3o ser enganado, procure o site do seu sindicato, o site da Contraf-CUT, para tirar d\u00favidas, e vamos fazer uma boa vota\u00e7\u00e3o\u201d, orientou o coordenador da CEBB.<\/p>\n<h3>Vota\u00e7\u00e3o termina nesta quinta<\/h3>\n<p>A Confedera\u00e7\u00e3o Nacional dos Trabalhadores do Ramo Financeiro (Contraf-CUT), federa\u00e7\u00f5es e sindicatos da categoria indicam a aprova\u00e7\u00e3o do Acordo Coletivo de Trabalho (ACT) 2022-2024, por meio de plataforma eletr\u00f4nica de vota\u00e7\u00e3o, que segue at\u00e9 as 19 horas desta quinta-feira (1\u00ba).<\/p>\n<p><strong>Fonte: Contraf-CUT<\/strong><\/p>\n","protected":false},"excerpt":{"rendered":"<p>\u00c9 fake news que os sal\u00e1rios de presidente, vice-presidentes e diretores do Banco do Brasil receber\u00e3o aumento, todos eles seguem com os vencimentos congelados. Um texto com a falsa informa\u00e7\u00e3o est\u00e1 circulando nas redes sociais e grupos do WhatsApp, sugerindo que os banc\u00e1rios e as banc\u00e1rias do BB n\u00e3o aprovem a renova\u00e7\u00e3o do Acordo Coletivo [&hellip;]<\/p>\n","protected":false},"author":2,"featured_media":13084,"comment_status":"","ping_status":"","sticky":false,"template":"","format":"standard","meta":{"footnotes":""},"categories":[3],"tags":[],"class_list":["post-13085","post","type-post","status-publish","format-standard","has-post-thumbnail","hentry","category-noticias"],"_links":{"self":[{"href":"https:\/\/hostnetart.com.br\/baixada\/wp-json\/wp\/v2\/posts\/13085","targetHints":{"allow":["GET"]}}],"collection":[{"href":"https:\/\/hostnetart.com.br\/baixada\/wp-json\/wp\/v2\/posts"}],"about":[{"href":"https:\/\/hostnetart.com.br\/baixada\/wp-json\/wp\/v2\/types\/post"}],"author":[{"embeddable":true,"href":"https:\/\/hostnetart.com.br\/baixada\/wp-json\/wp\/v2\/users\/2"}],"replies":[{"embeddable":true,"href":"https:\/\/hostnetart.com.br\/baixada\/wp-json\/wp\/v2\/comments?post=13085"}],"version-history":[{"count":0,"href":"https:\/\/hostnetart.com.br\/baixada\/wp-json\/wp\/v2\/posts\/13085\/revisions"}],"wp:featuredmedia":[{"embeddable":true,"href":"https:\/\/hostnetart.com.br\/baixada\/wp-json\/wp\/v2\/media\/13084"}],"wp:attachment":[{"href":"https:\/\/hostnetart.com.br\/baixada\/wp-json\/wp\/v2\/media?parent=13085"}],"wp:term":[{"taxonomy":"category","embeddable":true,"href":"https:\/\/hostnetart.com.br\/baixada\/wp-json\/wp\/v2\/categories?post=13085"},{"taxonomy":"post_tag","embeddable":true,"href":"https:\/\/hostnetart.com.br\/baixada\/wp-json\/wp\/v2\/tags?post=13085"}],"curies":[{"name":"wp","href":"https:\/\/api.w.org\/{rel}","templated":true}]}}