{"id":13081,"date":"2022-09-01T13:27:17","date_gmt":"2022-09-01T16:27:17","guid":{"rendered":"https:\/\/hostnetart.com.br\/baixada\/porque-o-sindicato-recomenda-a-aprovacao-dos-acordos-do-bb-e-caixa\/"},"modified":"2022-09-01T13:27:17","modified_gmt":"2022-09-01T16:27:17","slug":"porque-o-sindicato-recomenda-a-aprovacao-dos-acordos-do-bb-e-caixa","status":"publish","type":"post","link":"https:\/\/hostnetart.com.br\/baixada\/porque-o-sindicato-recomenda-a-aprovacao-dos-acordos-do-bb-e-caixa\/","title":{"rendered":"Porque o Sindicato recomenda a aprova\u00e7\u00e3o dos acordos do BB e Caixa"},"content":{"rendered":"<p><b>Por que o Sindicato dos Banc\u00e1rios da Baixada Fluminense recomenda o SIM.<\/b><\/p>\n<p>In\u00fameras banc\u00e1rias e banc\u00e1rios da Caixa Econ\u00f4mica Federal e Banco do Brasil, procuraram o Sindicato para esclarecer d\u00favidas sobre o acordo.<\/p>\n<p>A principal d\u00favida \u00e9: o que acontecer\u00e1 se a proposta for recusada?<\/p>\n<p>O acordo teve vig\u00eancia at\u00e9 31\/08, quarta-feira e, j\u00e1 a partir de hoje (1\/9), n\u00e3o tem mais valor.<\/p>\n<p>E, com o fim da ultratividade na reforma trabalhista, ocorrida no governo Temer, a partir do dia 1 de setembro, todas as cl\u00e1usulas do Acordo Nacional da CEF e do BB, que excedem a CLT, perderam a efic\u00e1cia.<\/p>\n<p>Com isso, havendo rejei\u00e7\u00e3o do acordo em assembleia, resta o caminho da greve, com a judicializa\u00e7\u00e3o do acordo.<\/p>\n<p>A Justi\u00e7a do Trabalho, ao julgar o diss\u00eddio, foca apenas no \u00edndice geral de reajuste salarial e a manuten\u00e7\u00e3o das cl\u00e1usulas sociais, restritas \u00e0 CLT.<\/p>\n<p>Todas as cl\u00e1usulas sociais que fazem parte do acordo do BB e da CEF, est\u00e3o sob risco de deixar de existir.<\/p>\n<p>Desse modo, n\u00e3o resta outra sa\u00edda sen\u00e3o a aprova\u00e7\u00e3o do acordo que garante a manuten\u00e7\u00e3o de todos os direitos, com avan\u00e7os na PLR, VA e VR.<\/p>\n<p>\u00c9 bom lembrar que o Comando Nacional dos Banc\u00e1rios, o Comando Nacional dos Funcion\u00e1rios do Banco do Brasil e da Caixa, vem tentando, h\u00e1 dois meses, fechar este acordo que, por neglig\u00eancia ou m\u00e1 f\u00e9 dos banqueiros, foi deixado para a \u00faltima hora.<\/p>\n<p>Por isso, vote com consci\u00eancia! <br \/>Vote com intelig\u00eancia!<\/p>\n<p>Vote SIM!<\/p>\n","protected":false},"excerpt":{"rendered":"<p>Por que o Sindicato dos Banc\u00e1rios da Baixada Fluminense recomenda o SIM. In\u00fameras banc\u00e1rias e banc\u00e1rios da Caixa Econ\u00f4mica Federal e Banco do Brasil, procuraram o Sindicato para esclarecer d\u00favidas sobre o acordo. A principal d\u00favida \u00e9: o que acontecer\u00e1 se a proposta for recusada? O acordo teve vig\u00eancia at\u00e9 31\/08, quarta-feira e, j\u00e1 a [&hellip;]<\/p>\n","protected":false},"author":2,"featured_media":13080,"comment_status":"","ping_status":"","sticky":false,"template":"","format":"standard","meta":{"footnotes":""},"categories":[3],"tags":[],"class_list":["post-13081","post","type-post","status-publish","format-standard","has-post-thumbnail","hentry","category-noticias"],"_links":{"self":[{"href":"https:\/\/hostnetart.com.br\/baixada\/wp-json\/wp\/v2\/posts\/13081","targetHints":{"allow":["GET"]}}],"collection":[{"href":"https:\/\/hostnetart.com.br\/baixada\/wp-json\/wp\/v2\/posts"}],"about":[{"href":"https:\/\/hostnetart.com.br\/baixada\/wp-json\/wp\/v2\/types\/post"}],"author":[{"embeddable":true,"href":"https:\/\/hostnetart.com.br\/baixada\/wp-json\/wp\/v2\/users\/2"}],"replies":[{"embeddable":true,"href":"https:\/\/hostnetart.com.br\/baixada\/wp-json\/wp\/v2\/comments?post=13081"}],"version-history":[{"count":0,"href":"https:\/\/hostnetart.com.br\/baixada\/wp-json\/wp\/v2\/posts\/13081\/revisions"}],"wp:featuredmedia":[{"embeddable":true,"href":"https:\/\/hostnetart.com.br\/baixada\/wp-json\/wp\/v2\/media\/13080"}],"wp:attachment":[{"href":"https:\/\/hostnetart.com.br\/baixada\/wp-json\/wp\/v2\/media?parent=13081"}],"wp:term":[{"taxonomy":"category","embeddable":true,"href":"https:\/\/hostnetart.com.br\/baixada\/wp-json\/wp\/v2\/categories?post=13081"},{"taxonomy":"post_tag","embeddable":true,"href":"https:\/\/hostnetart.com.br\/baixada\/wp-json\/wp\/v2\/tags?post=13081"}],"curies":[{"name":"wp","href":"https:\/\/api.w.org\/{rel}","templated":true}]}}