{"id":13079,"date":"2022-09-01T03:55:06","date_gmt":"2022-09-01T06:55:06","guid":{"rendered":"https:\/\/hostnetart.com.br\/baixada\/proposta-a-financiarios-ainda-e-baixa\/"},"modified":"2022-09-01T03:55:06","modified_gmt":"2022-09-01T06:55:06","slug":"proposta-a-financiarios-ainda-e-baixa","status":"publish","type":"post","link":"https:\/\/hostnetart.com.br\/baixada\/proposta-a-financiarios-ainda-e-baixa\/","title":{"rendered":"Proposta a financi\u00e1rios ainda \u00e9 baixa"},"content":{"rendered":"<p>Os financi\u00e1rios receberam uma proposta de 8% de reajuste nos itens econ\u00f4micos, para o pr\u00f3ximo per\u00edodo de um ano, mas a categoria exige um \u00edndice maior, pr\u00f3ximo do INPC do per\u00edodo, que \u00e9 de 11,9%, bem como um acordo que englobe o per\u00edodo de mais 12 meses.<\/p>\n<p>O n\u00famero, que representa apenas 67,2% do INPC e acarretaria uma perda de 3,49% nos ganhos, foi apresentado na tarde desta quarta-feira (31), na segunda rodada de negocia\u00e7\u00f5es da Campanha Nacional 2022, pela Federa\u00e7\u00e3o Interestadual das Institui\u00e7\u00f5es de Cr\u00e9dito, Financiamento e Investimento (Fenacrefi) aos representantes dos financi\u00e1rios \u2013 formados por membros do coletivo da Confedera\u00e7\u00e3o Nacional do Ramo Financeiro (Contraf-CUT), federa\u00e7\u00f5es e sindicatos.<\/p>\n<p>O dirigente sindical e coordenador do Coletivo dos Financi\u00e1rios da Confedera\u00e7\u00e3o Nacional dos Trabalhadores do Ramo Financeiro (Contraf-CUT), Jair Alves, disse que \u201ca proposta est\u00e1 abaixo das expectativas, pois a infla\u00e7\u00e3o est\u00e1 bem acima, mas \u00e9 importante que tenha ocorrido o retorno das empresas financeiras; ent\u00e3o agora vamos debater e voltar \u00e0 pr\u00f3xima reuni\u00e3o de negocia\u00e7\u00e3o, que ser\u00e1 agendada em breve, com uma contraproposta, pois temos que construir uma conven\u00e7\u00e3o que seja ajustada para a categoria dos financi\u00e1rios\u201d.<\/p>\n<p>Jair tamb\u00e9m observou que \u201cal\u00e9m do reajuste de sal\u00e1rio, de vales e da Participa\u00e7\u00e3o no Lucro e Resultados, a PLR, exigimos resposta em rela\u00e7\u00e3o \u00e0 nossa pauta global, apresentada \u00e0 Fenacrefi em 15 de junho\u201d. A pauta de reivindica\u00e7\u00f5es dos financi\u00e1rios foi constru\u00edda coletivamente por meio de consulta e encontros de trabalhadores em todo o pa\u00eds.<\/p>\n<p>A categoria quer a manuten\u00e7\u00e3o de todos os direitos previstos na atual Conven\u00e7\u00e3o Coletiva de Trabalho, avan\u00e7ar com a regulamenta\u00e7\u00e3o do teletrabalho e melhorias nas quest\u00f5es de sa\u00fade, como aumento do prazo de extens\u00e3o do plano aos demitidos e cl\u00e1usulas espec\u00edficas sobre tratamento da covid e suas sequelas. Os representantes dos financi\u00e1rios tamb\u00e9m pedem transpar\u00eancia nos dados das empresas, quantas s\u00e3o e qual o n\u00famero de funcion\u00e1rios, para que as negocia\u00e7\u00f5es possam ser mais representativas, para atender de fato \u00e0s necessidades da categoria.<\/p>\n<p><strong>Fonte: Contraf-CUT<\/strong><\/p>\n","protected":false},"excerpt":{"rendered":"<p>Os financi\u00e1rios receberam uma proposta de 8% de reajuste nos itens econ\u00f4micos, para o pr\u00f3ximo per\u00edodo de um ano, mas a categoria exige um \u00edndice maior, pr\u00f3ximo do INPC do per\u00edodo, que \u00e9 de 11,9%, bem como um acordo que englobe o per\u00edodo de mais 12 meses. O n\u00famero, que representa apenas 67,2% do INPC [&hellip;]<\/p>\n","protected":false},"author":2,"featured_media":13078,"comment_status":"","ping_status":"","sticky":false,"template":"","format":"standard","meta":{"footnotes":""},"categories":[3],"tags":[],"class_list":["post-13079","post","type-post","status-publish","format-standard","has-post-thumbnail","hentry","category-noticias"],"_links":{"self":[{"href":"https:\/\/hostnetart.com.br\/baixada\/wp-json\/wp\/v2\/posts\/13079","targetHints":{"allow":["GET"]}}],"collection":[{"href":"https:\/\/hostnetart.com.br\/baixada\/wp-json\/wp\/v2\/posts"}],"about":[{"href":"https:\/\/hostnetart.com.br\/baixada\/wp-json\/wp\/v2\/types\/post"}],"author":[{"embeddable":true,"href":"https:\/\/hostnetart.com.br\/baixada\/wp-json\/wp\/v2\/users\/2"}],"replies":[{"embeddable":true,"href":"https:\/\/hostnetart.com.br\/baixada\/wp-json\/wp\/v2\/comments?post=13079"}],"version-history":[{"count":0,"href":"https:\/\/hostnetart.com.br\/baixada\/wp-json\/wp\/v2\/posts\/13079\/revisions"}],"wp:featuredmedia":[{"embeddable":true,"href":"https:\/\/hostnetart.com.br\/baixada\/wp-json\/wp\/v2\/media\/13078"}],"wp:attachment":[{"href":"https:\/\/hostnetart.com.br\/baixada\/wp-json\/wp\/v2\/media?parent=13079"}],"wp:term":[{"taxonomy":"category","embeddable":true,"href":"https:\/\/hostnetart.com.br\/baixada\/wp-json\/wp\/v2\/categories?post=13079"},{"taxonomy":"post_tag","embeddable":true,"href":"https:\/\/hostnetart.com.br\/baixada\/wp-json\/wp\/v2\/tags?post=13079"}],"curies":[{"name":"wp","href":"https:\/\/api.w.org\/{rel}","templated":true}]}}