{"id":13073,"date":"2022-08-31T19:25:17","date_gmt":"2022-08-31T22:25:17","guid":{"rendered":"https:\/\/hostnetart.com.br\/baixada\/bancarios-arrancam-proposta-com-conquistas\/"},"modified":"2022-08-31T19:25:17","modified_gmt":"2022-08-31T22:25:17","slug":"bancarios-arrancam-proposta-com-conquistas","status":"publish","type":"post","link":"https:\/\/hostnetart.com.br\/baixada\/bancarios-arrancam-proposta-com-conquistas\/","title":{"rendered":"Banc\u00e1rios arrancam proposta com conquistas"},"content":{"rendered":"<div class=\"elementor-element elementor-element-194680ec elementor-widget elementor-widget-theme-post-content\" data-id=\"194680ec\" data-element_type=\"widget\" data-widget_type=\"theme-post-content.default\">\n<div class=\"elementor-widget-container\">\n<p>Ap\u00f3s dois meses e meio de duras negocia\u00e7\u00f5es, o Comando Nacional dos Banc\u00e1rios arrancou da Federa\u00e7\u00e3o Nacional dos Bancos (Fenaban) uma proposta para 2022 e 2023. Para este ano, a categoria ter\u00e1 reajuste de 8% nos sal\u00e1rios, aumento de 10% nos vales alimenta\u00e7\u00e3o (VA) e refei\u00e7\u00e3o (VR), al\u00e9m de um adicional de R$ 1.000,00 em vale alimenta\u00e7\u00e3o, a ser creditado at\u00e9 outubro de 2022. A proposta tamb\u00e9m prev\u00ea reajuste de 13% para a parcela adicional da Participa\u00e7\u00e3o nos Lucros e Resultados (PLR) neste ano e, para 2023, aumento real de 0,5% (INPC + 0,5%) para sal\u00e1rios, PLR, VA\/VR e demais cl\u00e1usulas econ\u00f4micas.<\/p>\n<p>\u201cCom o constante crescimento nos lucros dos bancos, o aumento do teto da parcela adicional da PLR possibilita maiores ganhos para os trabalhadores\u201d, observou a presidenta da Confedera\u00e7\u00e3o Nacional dos Trabalhadores do Ramo Financeiro (Contraf-CUT) e coordenadora do Comando Nacional dos Banc\u00e1rios, Juvandia Moreira.<\/p>\n<p>A presidenta da Contraf-CUT tamb\u00e9m ressaltou a import\u00e2ncia do acordo num momento de conjuntura adversa. \u201cTemos um governo que promove e incentiva ataques aos trabalhadores, e ainda assim conseguimos que os bancos dessem aumento acima da infla\u00e7\u00e3o para os vales alimenta\u00e7\u00e3o e refei\u00e7\u00e3o, um dos anseios que a categoria nos demonstrou na Consulta Nacional dos Banc\u00e1rios, mas tamb\u00e9m, pela primeira vez, conseguimos incluir uma cl\u00e1usula que vai nos permitir acompanhar a cobran\u00e7as de metas\u201d, completou.<\/p>\n<p>\u201cAs negocia\u00e7\u00f5es foram muito duras. Os bancos nos deram muita canseira e tentaram nos impor perdas, mas conseguimos evitar que eles retirassem direitos da categoria e ainda conseguimos alguns ganhos, como a ajuda de custo para quem exerce suas fun\u00e7\u00f5es remotamente, em teletrabalho\u201d, afirmou a presidenta do Sindicato dos Banc\u00e1rios de S\u00e3o Paulo, Osasco e Regi\u00e3o (Seeb\/SP), tamb\u00e9m coordenadora do Comando Nacional dos Banc\u00e1rios, Ivone Silva, se referindo \u00e0 ajuda de custo de teletrabalho de R$ 86,40 para quem exer\u00e7a 100% de suas fun\u00e7\u00f5es em home office, com reajuste garantido pelo INPC em 2023.<\/p>\n<h3><strong>Outros avan\u00e7os<\/strong><\/h3>\n<p><strong>Teletrabalho<br \/><\/strong>Al\u00e9m da ajuda de custo, os bancos concordaram com a reivindica\u00e7\u00e3o de controle de jornada para todos os trabalhadores; com o fornecimento e manuten\u00e7\u00e3o de equipamentos; com o direito \u00e0 desconex\u00e3o para que gestores n\u00e3o demandem os trabalhadores fora do hor\u00e1rio de expediente; com a manuten\u00e7\u00e3o dos direitos da CCT aos trabalhadores que realizem suas fun\u00e7\u00f5es fora das depend\u00eancias do banco; com preven\u00e7\u00e3o e precau\u00e7\u00f5es com a sa\u00fade dos trabalhadores; com a cria\u00e7\u00e3o de canal espec\u00edfico para que os trabalhadores em teletrabalho tirem suas d\u00favidas.<\/p>\n<p>Os trabalhadores com filhos de at\u00e9 quatro anos, ou com defici\u00eancia ter\u00e3o prioridade para o teletrabalho e as banc\u00e1rias v\u00edtimas de viol\u00eancia dom\u00e9stica poder\u00e3o escolher se preferem trabalhar em domic\u00edlio, ou nas depend\u00eancias do banco.<\/p>\n<p>Os bancos facilitar\u00e3o a realiza\u00e7\u00e3o de campanhas de sindicaliza\u00e7\u00e3o e o contato com os trabalhadores em teletrabalho.<\/p>\n<p>Ser\u00e1 criado um grupo de trabalho (GT) bipartite para acompanhar o cumprimento da cl\u00e1usula.<\/p>\n<p><strong>Ass\u00e9dio sexual<br \/><\/strong>A nova cl\u00e1usula sobre ass\u00e9dio sexual far\u00e1 rep\u00fadio \u00e0 esta pr\u00e1tica nos bancos e os gestores e empregados passar\u00e3o por treinamento para preven\u00e7\u00e3o e esclarecimento sobre medidas cab\u00edveis pelos bancos. Tamb\u00e9m est\u00e1 em debate a participa\u00e7\u00e3o das entidades sindicais no canal de den\u00fancias a ser criado, assim como o acompanhamento dos casos pela comiss\u00e3o bipartite de diversidade que j\u00e1 existe.<\/p>\n<p><strong>Ass\u00e9dio moral e cobran\u00e7a de metas<br \/><\/strong>O tema ser\u00e1 pautado na primeira reuni\u00e3o de negocia\u00e7\u00e3o de 2023 dos bancos que t\u00eam comiss\u00f5es de empresa. Os bancos que n\u00e3o t\u00eam comiss\u00e3o de empresa devem realizar reuni\u00e3o espec\u00edfica com a representa\u00e7\u00e3o dos trabalhadores para tratar do tema, a pedido do sindicato.<\/p>\n<p><strong>Complementa\u00e7\u00e3o do aux\u00edlio doen\u00e7a<br \/><\/strong>Com rela\u00e7\u00e3o ao aux\u00edlio doen\u00e7a previsto na cl\u00e1usula 29 da CCT, os bancos queriam estabelecer que somente teria direito ao aux\u00edlio o empregado que tivesse retornado ao trabalho e trabalhado ininterruptamente pelo per\u00edodo m\u00ednimo de 6 meses ap\u00f3s o recebimento da \u00faltima complementa\u00e7\u00e3o. Ap\u00f3s reivindica\u00e7\u00e3o do Comando, os bancos retiraram a proposta.<\/p>\n<p><strong>Seguran\u00e7a banc\u00e1ria<br \/><\/strong>Cria\u00e7\u00e3o de um Grupo de Trabalho Bipartite Espec\u00edfico para avaliar os dados estat\u00edsticos relativos \u00e0 seguran\u00e7a banc\u00e1ria, bem como a possibilidade de acordo acerca da ado\u00e7\u00e3o de dispositivos de seguran\u00e7a, al\u00e9m dos obrigatoriamente previstos no artigo 20, da Lei n\u00b0 7.102\/1983. O GT tamb\u00e9m avaliar\u00e1 dados estat\u00edsticos relativos \u00e0 seguran\u00e7a banc\u00e1ria das unidades de neg\u00f3cios.<\/p>\n<h3><strong>Assembleias<\/strong><\/h3>\n<p>Das 19 horas desta quarta-feira (31 de agosto) \u00e0s 19 horas de quinta-feira (1\u00ba de setembro), o Sindicato dos Banc\u00e1rios da Baixada Fluminense e demais sindicatos da categoria pelo Brasil, realizam assembleia para deliberar sobre a proposta apresentada.<\/p>\n<p>IMPORTANTE<\/p>\n<p>O Sindicato e o Comando Nacional dos Banc\u00e1rios recomenda a aprova\u00e7\u00e3o da proposta.<\/p>\n<p>PARA VOTAR<\/p>\n<p>Para votar e participar, basta acessar o link de vota\u00e7\u00e3o: https:\/\/bancarios.votabem.com.br\/<\/p>\n<p>O link estar\u00e1, tamb\u00e9m, dispon\u00edvel em nosso site (http:\/\/www.bancariosbaixada.org.br\/)<\/p>\n<p>PARTICIPEM!<\/p>\n<\/div>\n<\/div>\n<div class=\"elementor-element elementor-element-76b46e1 elementor-widget elementor-widget-post-info\" data-id=\"76b46e1\" data-element_type=\"widget\" data-widget_type=\"post-info.default\">\n<div class=\"elementor-widget-container\">\n<p><b>*Com informa\u00e7\u00f5es da Contraf-CUT<\/b><\/p>\n<\/div>\n<\/div>\n","protected":false},"excerpt":{"rendered":"<p>Ap\u00f3s dois meses e meio de duras negocia\u00e7\u00f5es, o Comando Nacional dos Banc\u00e1rios arrancou da Federa\u00e7\u00e3o Nacional dos Bancos (Fenaban) uma proposta para 2022 e 2023. Para este ano, a categoria ter\u00e1 reajuste de 8% nos sal\u00e1rios, aumento de 10% nos vales alimenta\u00e7\u00e3o (VA) e refei\u00e7\u00e3o (VR), al\u00e9m de um adicional de R$ 1.000,00 em [&hellip;]<\/p>\n","protected":false},"author":2,"featured_media":13072,"comment_status":"","ping_status":"","sticky":false,"template":"","format":"standard","meta":{"footnotes":""},"categories":[3],"tags":[],"class_list":["post-13073","post","type-post","status-publish","format-standard","has-post-thumbnail","hentry","category-noticias"],"_links":{"self":[{"href":"https:\/\/hostnetart.com.br\/baixada\/wp-json\/wp\/v2\/posts\/13073","targetHints":{"allow":["GET"]}}],"collection":[{"href":"https:\/\/hostnetart.com.br\/baixada\/wp-json\/wp\/v2\/posts"}],"about":[{"href":"https:\/\/hostnetart.com.br\/baixada\/wp-json\/wp\/v2\/types\/post"}],"author":[{"embeddable":true,"href":"https:\/\/hostnetart.com.br\/baixada\/wp-json\/wp\/v2\/users\/2"}],"replies":[{"embeddable":true,"href":"https:\/\/hostnetart.com.br\/baixada\/wp-json\/wp\/v2\/comments?post=13073"}],"version-history":[{"count":0,"href":"https:\/\/hostnetart.com.br\/baixada\/wp-json\/wp\/v2\/posts\/13073\/revisions"}],"wp:featuredmedia":[{"embeddable":true,"href":"https:\/\/hostnetart.com.br\/baixada\/wp-json\/wp\/v2\/media\/13072"}],"wp:attachment":[{"href":"https:\/\/hostnetart.com.br\/baixada\/wp-json\/wp\/v2\/media?parent=13073"}],"wp:term":[{"taxonomy":"category","embeddable":true,"href":"https:\/\/hostnetart.com.br\/baixada\/wp-json\/wp\/v2\/categories?post=13073"},{"taxonomy":"post_tag","embeddable":true,"href":"https:\/\/hostnetart.com.br\/baixada\/wp-json\/wp\/v2\/tags?post=13073"}],"curies":[{"name":"wp","href":"https:\/\/api.w.org\/{rel}","templated":true}]}}