{"id":1307,"date":"2013-08-15T00:00:00","date_gmt":"2013-08-15T03:00:00","guid":{"rendered":"https:\/\/hostnetart.com.br\/baixada\/cut-e-contra-a-aprovacao-do-pl-4330\/"},"modified":"2013-08-15T00:00:00","modified_gmt":"2013-08-15T03:00:00","slug":"cut-e-contra-a-aprovacao-do-pl-4330","status":"publish","type":"post","link":"https:\/\/hostnetart.com.br\/baixada\/cut-e-contra-a-aprovacao-do-pl-4330\/","title":{"rendered":"CUT \u00c9 CONTRA A APROVA\u00c7\u00c3O DO PL 4330"},"content":{"rendered":"<p><strong>PL 4330 prejudica trabalhadores, admite deputado Sandro Mabel<\/strong><\/p>\n<p>O deputado federal Sandro Mabel (PMDB-GO), autor do Projeto de Lei 4330 que trata da terceiriza\u00e7\u00e3o, cometeu um grave equ\u00edvoco ao afirmar que a CUT \u201c\u00e9 contra a aprova\u00e7\u00e3o do PL porque vai perder arrecada\u00e7\u00e3o sindical\u201d. A afirma\u00e7\u00e3o consta de entrevista concedida pelo parlamentar ao Portal da CNI (Confedera\u00e7\u00e3o Nacional da Ind\u00fastria) e publicada na tarde desta ter\u00e7a-feira (13). A fala tamb\u00e9m foi reproduzida pela Ag\u00eancia Estado (AE), em reportagem que n\u00e3o \u201couviu o outro lado\u201d, no caso a CUT, como mandam manuais de reda\u00e7\u00e3o e o bom jornalismo.<\/p>\n<p>\u00a0<\/p>\n<p>A CUT \u00e9 contra o imposto sindical. Essa \u00e9 a posi\u00e7\u00e3o oficial da Central, j\u00e1 amplamente conhecida e divulgada. A central \u00e9 a \u00fanica no Pa\u00eds que defende a substitui\u00e7\u00e3o do imposto sindical compuls\u00f3rio pela contribui\u00e7\u00e3o da negocia\u00e7\u00e3o coletiva. Tamb\u00e9m defende que todo trabalhador seja livre para escolher o sindicato que o represente.<\/p>\n<p>\u00a0<\/p>\n<p>Al\u00e9m de falar uma inverdade sobre a CUT, que foi reproduzida pela m\u00eddia sem ouvir a central, na mesma entrevista Mabel admitiu que o o PL 4330 reduz direitos dos trabalhadores terceirizados.<\/p>\n<p>\u00a0<\/p>\n<p>De acordo com o que o deputado afirmou no texto publicado na CNI e na AE, \u201cexiste a possibilidade das (sic) empresas, ao diversificar as fun\u00e7\u00f5es dos seus trabalhadores com a terceiriza\u00e7\u00e3o, contribu\u00edrem para dispersar a filia\u00e7\u00e3o sindical deles e, portanto, reduzir a receita\u201d.<\/p>\n<p>\u00a0<\/p>\n<p>\u00a0<\/p>\n<p><strong>Redu\u00e7\u00e3o de sal\u00e1rios e direitos<\/strong><\/p>\n<p>\u00a0<\/p>\n<p>Traduzindo o que Mabel disse: o PL 4330 reduz direitos dos trabalhadores, porque vai ampliar a terceiriza\u00e7\u00e3o de forma ainda mais prec\u00e1ria e, com isso, reduzir o n\u00famero de filia\u00e7\u00f5es aos sindicatos, pulveriz\u00e1-las, dificultando a organiza\u00e7\u00e3o e a luta da classe trabalhadora por seus direitos, melhores condi\u00e7\u00f5es de trabalho e sal\u00e1rio. E essa luta \u00e9 feita pelos sindicatos e centrais, que s\u00e3o os leg\u00edtimos representantes dos trabalhadores<\/p>\n<p>\u00a0<\/p>\n<p>Para o presidente nacional da CUT, Vagner Freitas, a afirma\u00e7\u00e3o de Mabel \u00e9 o reconhecimento de como e quanto o projeto 4330, se aprovado, prejudicar\u00e1 os trabalhadores terceirizados e toda a classe trabalhadora brasileira.<\/p>\n<p>\u00a0<\/p>\n<p>\u00a0<\/p>\n<p><strong>Vig\u00edlia em Bras\u00edlia<\/strong><\/p>\n<p>\u00a0<\/p>\n<p>A CUT \u00e9 contra a aprova\u00e7\u00e3o do PL 4330. Al\u00e9m de v\u00e1rias manifesta\u00e7\u00f5es, a central participou ativamente, at\u00e9 segunda-feira (12), da mesa de negocia\u00e7\u00e3o que reuniu trabalhadores, empres\u00e1rios, parlamentares e o governo federal para discutir o texto de Mabel.<\/p>\n<p>\u00a0<\/p>\n<p>As negocia\u00e7\u00f5es, por\u00e9m, terminaram sem acordo porque os empres\u00e1rios, que financiam as campanhas de muitas deputados e querem ver o projeto aprovado no Congresso Nacional, n\u00e3o quiseram mais negociar.<\/p>\n<p>\u00a0<\/p>\n<p>Milhares de trabalhadores e dirigentes sindicais da CUT chegaram nesta ter\u00e7a-feira a Bras\u00edlia para pressionar os parlamentares e participar de uma vig\u00edlia em protesto contra a aprova\u00e7\u00e3o do PL 4330. Com a press\u00e3o, a vota\u00e7\u00e3o do projeto que iria acontecer nesta quarta-feira (14) foi adiada para o dia 3 de setembro. Mas a mobiliza\u00e7\u00e3o continua.<\/p>\n<p>\u00a0<\/p>\n<p>\u00a0<\/p>\n<p><strong>Aumentar a press\u00e3o sobre os parlamentares<\/strong><\/p>\n<p>\u00a0<\/p>\n<p>O presidente da Contraf-CUT, Carlos Cordeiro, avalia que a press\u00e3o deve ser aumentada ainda mais. \u201cVencemos mais uma batalha importante, mas ainda n\u00e3o ganhamos a guerra. A amea\u00e7a continua e \u00e9 imprescind\u00edvel que intensifiquemos a mobiliza\u00e7\u00e3o, participando do dia nacional de luta dos banc\u00e1rios no dia 22 e da paralisa\u00e7\u00e3o nacional no dia 30\u2033, acrescenta.<\/p>\n<p>\u00a0<\/p>\n<p>Para Cordeiro, os banc\u00e1rios est\u00e3o entre as categorias que mais ser\u00e3o prejudicadas, caso o PL 4330 seja aprovado. \u201cV\u00e3o piorar as condi\u00e7\u00f5es prec\u00e1rias de trabalho de quem j\u00e1 est\u00e1 terceirizado e os bancos acabar\u00e3o com os caixas e gerentes, que ser\u00e3o substitu\u00eddos por terceirizados fornecidos por empresas especializadas, com sal\u00e1rios mais baixos e menos direitos\u201d, denuncia.<\/p>\n<p>\u00a0<\/p>\n<p>Al\u00e9m disso, o dirigente da Contraf-CUT lembra que j\u00e1 est\u00e1 em tramita\u00e7\u00e3o no Senado outro projeto, \u201ct\u00e3o ruim quanto o PL 4330\u2033, de autoria do senador Armando Monteiro Neto (PTB-PE), ex-presidente da Confedera\u00e7\u00e3o Nacional da Ind\u00fastria (CNI).<\/p>\n<p>\u00a0<\/p>\n<p>Para o secret\u00e1rio de Organiza\u00e7\u00e3o do Ramo Financeiro da Contraf-CUT, Miguel Pereira, s\u00f3 a mobiliza\u00e7\u00e3o dos trabalhadores evitar\u00e1 a aprova\u00e7\u00e3o desses projetos que liberam por inteiro a terceiriza\u00e7\u00e3o no pa\u00eds.<\/p>\n<p>\u00a0<\/p>\n<p>\u201cA mobiliza\u00e7\u00e3o, principalmente dos banc\u00e1rios, fez a diferen\u00e7a em 11 de junho e em 10 de julho, quando o PL 4330 esteve prestes de ser votado na CCJC da C\u00e2mara, e de novo nesta ter\u00e7a-feira\u201d, apontou Miguel. \u201cOs trabalhadores precisam aumentar a press\u00e3o e o trabalho de convencimento tanto dos parlamentares quanto do governo federal, para que melhore sua posi\u00e7\u00e3o na mesa quadripartite, que esperamos que volte a se reunir em breve\u201d.<\/p>\n<p>\u00a0<\/p>\n<p>\u00a0<\/p>\n<p><strong>Mais preju\u00edzos do PL 4330<\/strong><\/p>\n<p>\u00a0<\/p>\n<p>Entre os v\u00e1rios problemas e efeitos nocivos causados pela terceiriza\u00e7\u00e3o est\u00e3o: um sal\u00e1rio 27% menor, mais mortes por acidente de trabalho (8 em cada 10), rotatividade maior e jornada semanal tr\u00eas horas mais longa que os contratados diretos.<\/p>\n<p>\u00a0<\/p>\n<p>N\u00e3o h\u00e1 dados oficiais no Pa\u00eds, mas estima-se que existam 12 milh\u00f5es de terceirizados no Brasil, o equivalente a 25% dos trabalhadores com carteira assinada. Em sua entrevista, Mabel diz que s\u00e3o mais de 20 milh\u00f5es, mas n\u00e3o cita fonte.<\/p>\n<p>\u00a0<\/p>\n<p>\u00a0<\/p>\n<p><strong>Anamatra denuncia precariza\u00e7\u00e3o<\/strong><\/p>\n<p>\u00a0<\/p>\n<p>Para a Anamatra (Associa\u00e7\u00e3o Nacional dos Magistrados da Justi\u00e7a do Trabalho), a proposta \u201cprecariza\u201d os direitos dos trabalhadores.<\/p>\n<p>\u00a0<\/p>\n<p>\u201cO projeto \u00e9 uma grave amea\u00e7a ao Direito do Trabalho. Na pr\u00e1tica, ele dilui a responsabilidade do empregador, acaba com a identidade das categorias profissionais e mitiga conquistas e garantias hoje consolidadas, apontando para um caminho em dire\u00e7\u00e3o ao passado, \u00e0 escurid\u00e3o social\u201d, diz Paulo Luiz Schmidt, presidente da associa\u00e7\u00e3o.<\/p>\n<p>\u00a0<\/p>\n<p>Fonte: Contraf-CUT com CUT e Folha<\/p>\n","protected":false},"excerpt":{"rendered":"<p>PL 4330 prejudica trabalhadores, admite deputado Sandro Mabel O deputado federal Sandro Mabel (PMDB-GO), autor do Projeto de Lei 4330 que trata da terceiriza\u00e7\u00e3o, cometeu um grave equ\u00edvoco ao afirmar que a CUT \u201c\u00e9 contra a aprova\u00e7\u00e3o do PL porque vai perder arrecada\u00e7\u00e3o sindical\u201d. A afirma\u00e7\u00e3o consta de entrevista concedida pelo parlamentar ao Portal da [&hellip;]<\/p>\n","protected":false},"author":1,"featured_media":0,"comment_status":"","ping_status":"","sticky":false,"template":"","format":"standard","meta":{"footnotes":""},"categories":[3],"tags":[],"class_list":["post-1307","post","type-post","status-publish","format-standard","hentry","category-noticias"],"_links":{"self":[{"href":"https:\/\/hostnetart.com.br\/baixada\/wp-json\/wp\/v2\/posts\/1307","targetHints":{"allow":["GET"]}}],"collection":[{"href":"https:\/\/hostnetart.com.br\/baixada\/wp-json\/wp\/v2\/posts"}],"about":[{"href":"https:\/\/hostnetart.com.br\/baixada\/wp-json\/wp\/v2\/types\/post"}],"author":[{"embeddable":true,"href":"https:\/\/hostnetart.com.br\/baixada\/wp-json\/wp\/v2\/users\/1"}],"replies":[{"embeddable":true,"href":"https:\/\/hostnetart.com.br\/baixada\/wp-json\/wp\/v2\/comments?post=1307"}],"version-history":[{"count":0,"href":"https:\/\/hostnetart.com.br\/baixada\/wp-json\/wp\/v2\/posts\/1307\/revisions"}],"wp:attachment":[{"href":"https:\/\/hostnetart.com.br\/baixada\/wp-json\/wp\/v2\/media?parent=1307"}],"wp:term":[{"taxonomy":"category","embeddable":true,"href":"https:\/\/hostnetart.com.br\/baixada\/wp-json\/wp\/v2\/categories?post=1307"},{"taxonomy":"post_tag","embeddable":true,"href":"https:\/\/hostnetart.com.br\/baixada\/wp-json\/wp\/v2\/tags?post=1307"}],"curies":[{"name":"wp","href":"https:\/\/api.w.org\/{rel}","templated":true}]}}