{"id":13069,"date":"2022-08-30T14:17:41","date_gmt":"2022-08-30T17:17:41","guid":{"rendered":"https:\/\/hostnetart.com.br\/baixada\/indicada-para-caixa-corretora-e-denunciada-por-assedio-moral\/"},"modified":"2022-08-30T14:17:41","modified_gmt":"2022-08-30T17:17:41","slug":"indicada-para-caixa-corretora-e-denunciada-por-assedio-moral","status":"publish","type":"post","link":"https:\/\/hostnetart.com.br\/baixada\/indicada-para-caixa-corretora-e-denunciada-por-assedio-moral\/","title":{"rendered":"Indicada para Caixa Corretora \u00e9 denunciada por ass\u00e9dio moral"},"content":{"rendered":"<p>Den\u00fancias que evidenciam\u00a0<a href=\"https:\/\/www.redebrasilatual.com.br\/politica\/2022\/06\/assedio-161-anos-de-existencia-bancarios-caixa-nunca-tao-humilhados\/\" target=\"_blank\" rel=\"noopener noreferrer\">pr\u00e1tica sistem\u00e1tica de ass\u00e9dio<\/a>\u00a0por parte de dirigentes da Caixa voltaram \u00e0 tona. Desta vez, envolvem a futura presidenta da Caixa Corretora, Camila Aichinger, acusada de quatro den\u00fancias de ass\u00e9dio moral na corregedoria do banco p\u00fablico.<\/p>\n<p>Todas tratam do per\u00edodo em que\u00a0Aichinger presidiu Caixa Seguridade, entre junho de 2021 e maio deste ano. A executiva integrava o time do ex-presidente do banco\u00a0<a href=\"https:\/\/www.redebrasilatual.com.br\/politica\/2022\/06\/apos-escandalo-de-assedio-sexual-pedro-guimaraes-pede-demissao-da-caixa\/\" target=\"_blank\" rel=\"noopener noreferrer\">Pedro Guimar\u00e3es<\/a>, que deixou a institui\u00e7\u00e3o financeira depois de den\u00fancias de ass\u00e9dio moral e sexual.<\/p>\n<p>Durante a gest\u00e3o de Guimar\u00e3es, Camila Aichinger passou de gerente regional no Paran\u00e1 para uma vice-presid\u00eancia da Caixa em menos de quatro anos. Ela deixou o \u00faltimo posto com a chegada da\u00a0<a href=\"https:\/\/www.redebrasilatual.com.br\/politica\/2022\/08\/presidente-da-caixa-faz-campanha-para-bolsonaro-em-horario-de-expediente\/\">atual presidente do banco, Daniella Marques<\/a>, mas foi indicada para a presid\u00eancia da Caixa Corretora. Desse modo, manter\u00e1 seus vencimentos no mesmo patamar.<\/p>\n<p>As informa\u00e7\u00f5es est\u00e3o em reportagem de Lucas Marchesini, da\u00a0<em>Folha de S.Paulo<\/em>. A Caixa n\u00e3o comentou o andamento do caso ou o conte\u00fado das den\u00fancias. Alegou que, \u201cpor imposi\u00e7\u00e3o legal, n\u00e3o divulga informa\u00e7\u00f5es relacionadas a procedimentos correcionais\u201d. Aichinger teria sido procurada, mas n\u00e3o respondeu aos questionamentos da reportagem.<\/p>\n<div class=\"widget-area-inside-single-content\">\u00a0O jornal informa ter obtido relatos de quatro funcion\u00e1rios da institui\u00e7\u00e3o, com hist\u00f3rias de xingamentos, abusos verbais e humilha\u00e7\u00e3o em p\u00fablico. \u201cN\u00e3o eram situa\u00e7\u00f5es pontuais ou espor\u00e1dicas. Era um comportamento constante de gritos, xingamentos e amea\u00e7as, por qualquer motivo\u201d, afirma o relato de um denunciante ao jornal. \u201cOs gritos eram t\u00e3o altos que era poss\u00edvel ouvir o que era dito de fora da sala\u201d, diz o texto.<\/div>\n<h3 class=\"has-background\"><a href=\"https:\/\/www.redebrasilatual.com.br\/trabalho\/2022\/08\/assedio-sexual-e-moral-caixa-quem-nao-pune-crime-responsavel\/\" target=\"_blank\" rel=\"noopener noreferrer\">Ass\u00e9dio na Caixa: \u2018Quem n\u00e3o pune se torna respons\u00e1vel\u2019, diz \u00c9rika Kokay<\/a><\/h3>\n<p>Os casos ilustram n\u00fameros alarmantes demonstrados em pesquisa. Em dezembro do ano passado, a Federa\u00e7\u00e3o Nacional das Associa\u00e7\u00f5es de Pessoal da Caixa (Fenae) realizou 3.034 entrevistas com funcion\u00e1rios. Assim, revelou que seis em cada dez sofreram ass\u00e9dio moral, e quase 70% j\u00e1 testemunharam a pr\u00e1tica.\u00a0<a href=\"https:\/\/www.fenae.org.br\/portal\/data\/files\/9B\/71\/9E\/3D\/5BD5181009582018403A91A8\/Fenae360Marco100.pdf\" target=\"_blank\" rel=\"noopener noreferrer\">Confira a pesquisa.<\/a><\/p>\n<p>Os xingamentos eram semelhantes aos denunciados em rela\u00e7\u00e3o ao ex-presidente Guimar\u00e3es. Ambos se referiam a pessoas que os desagradavam com termos como \u201cfaixa branca\u201d, \u201cj\u00fanior\u201d ou \u201cpau mole\u201d. Pelas den\u00fancias contra a executiva, os funcion\u00e1rios alvos do ass\u00e9dio moral pediram a mudan\u00e7a no comportamento da dirigente.<\/p>\n<p>Ao menos dois denunciantes afirmam que os abusos se reverteram em sintomas f\u00edsicos, com ataques de p\u00e2nico e necessidade de licen\u00e7as m\u00e9dicas.<\/p>\n<p>A partir das den\u00fancias, a corregedoria do banco vai decidir se abre um processo formal contra Aichinger. A puni\u00e7\u00e3o pode ir de advert\u00eancia a demiss\u00e3o. Al\u00e9m disso, pode haver responsabiliza\u00e7\u00e3o civil. Desse modo, o ex-funcion\u00e1rio pode ter de arcar com eventual multa que o banco receber por causa dos abusos.<\/p>\n<p>A futura presidenta da Caixa Corretora \u00e9 formada em Turismo. Foi gerente regional da Caixa no Paran\u00e1 desde 2016 e, em mar\u00e7o de 2019, foi al\u00e7ada ao cargo de superintendente regional. Naquele m\u00eas, Guimar\u00e3es esteve duas vezes no estado em viagens pelo banco. Camila Aichinger ocupou o cargo por apenas oito meses at\u00e9 ser levada para Bras\u00edlia como superintendente nacional.<\/p>\n<p>Ap\u00f3s quatro meses, virou diretora-executiva da Caixa Seguridade e, em junho de 2021, CEO da empresa. L\u00e1 ficou por cerca de um ano, para em seguida assumir o cargo de vice-presidente da Caixa. Mas saiu ap\u00f3s a queda de Guimar\u00e3es.<\/p>\n<p>Ao longo da gest\u00e3o de Guimar\u00e3es, seu sal\u00e1rio mensal pulou de cerca de R$ 25 mil para mais de R$ 130 mil, somando vencimentos na Caixa e participa\u00e7\u00f5es em pelo menos sete conselhos.<\/p>\n<p>Os funcion\u00e1rios da Caixa que conversaram com a\u00a0<em>Folha\u00a0<\/em>expressam um temor refor\u00e7ado pelo fato de a Caixa Corretora ficar no mesmo andar da Caixa Seguridade. Com isso, v\u00e1rias pessoas que teriam sofrido ou testemunhado casos de ass\u00e9dio moral podem passar a conviver com a executiva novamente.<\/p>\n<div class=\"widget-area-after-single-content\">\n<div class=\"textwidget\"><ins class=\"adsbygoogle\" data-ad-client=\"ca-pub-2156703359938643\" data-ad-slot=\"4119717339\" data-ad-format=\"auto\" data-full-width-responsive=\"true\" data-adsbygoogle-status=\"done\" data-ad-status=\"filled\"><\/p>\n<div tabindex=\"0\" title=\"Advertisement\">Fonte: Rede Brasil Atual<\/div>\n<p><\/ins><\/div>\n<\/div>\n","protected":false},"excerpt":{"rendered":"<p>Den\u00fancias que evidenciam\u00a0pr\u00e1tica sistem\u00e1tica de ass\u00e9dio\u00a0por parte de dirigentes da Caixa voltaram \u00e0 tona. Desta vez, envolvem a futura presidenta da Caixa Corretora, Camila Aichinger, acusada de quatro den\u00fancias de ass\u00e9dio moral na corregedoria do banco p\u00fablico. Todas tratam do per\u00edodo em que\u00a0Aichinger presidiu Caixa Seguridade, entre junho de 2021 e maio deste ano. A [&hellip;]<\/p>\n","protected":false},"author":2,"featured_media":13068,"comment_status":"","ping_status":"","sticky":false,"template":"","format":"standard","meta":{"footnotes":""},"categories":[3],"tags":[],"class_list":["post-13069","post","type-post","status-publish","format-standard","has-post-thumbnail","hentry","category-noticias"],"_links":{"self":[{"href":"https:\/\/hostnetart.com.br\/baixada\/wp-json\/wp\/v2\/posts\/13069","targetHints":{"allow":["GET"]}}],"collection":[{"href":"https:\/\/hostnetart.com.br\/baixada\/wp-json\/wp\/v2\/posts"}],"about":[{"href":"https:\/\/hostnetart.com.br\/baixada\/wp-json\/wp\/v2\/types\/post"}],"author":[{"embeddable":true,"href":"https:\/\/hostnetart.com.br\/baixada\/wp-json\/wp\/v2\/users\/2"}],"replies":[{"embeddable":true,"href":"https:\/\/hostnetart.com.br\/baixada\/wp-json\/wp\/v2\/comments?post=13069"}],"version-history":[{"count":0,"href":"https:\/\/hostnetart.com.br\/baixada\/wp-json\/wp\/v2\/posts\/13069\/revisions"}],"wp:featuredmedia":[{"embeddable":true,"href":"https:\/\/hostnetart.com.br\/baixada\/wp-json\/wp\/v2\/media\/13068"}],"wp:attachment":[{"href":"https:\/\/hostnetart.com.br\/baixada\/wp-json\/wp\/v2\/media?parent=13069"}],"wp:term":[{"taxonomy":"category","embeddable":true,"href":"https:\/\/hostnetart.com.br\/baixada\/wp-json\/wp\/v2\/categories?post=13069"},{"taxonomy":"post_tag","embeddable":true,"href":"https:\/\/hostnetart.com.br\/baixada\/wp-json\/wp\/v2\/tags?post=13069"}],"curies":[{"name":"wp","href":"https:\/\/api.w.org\/{rel}","templated":true}]}}