{"id":13059,"date":"2022-08-27T00:14:48","date_gmt":"2022-08-27T03:14:48","guid":{"rendered":"https:\/\/hostnetart.com.br\/baixada\/bancos-continuam-com-proposta-de-perda-salarial\/"},"modified":"2022-08-27T00:14:48","modified_gmt":"2022-08-27T03:14:48","slug":"bancos-continuam-com-proposta-de-perda-salarial","status":"publish","type":"post","link":"https:\/\/hostnetart.com.br\/baixada\/bancos-continuam-com-proposta-de-perda-salarial\/","title":{"rendered":"Bancos continuam com proposta de perda salarial"},"content":{"rendered":"<div class=\"elementor-element elementor-element-194680ec elementor-widget elementor-widget-theme-post-content\" data-id=\"194680ec\" data-element_type=\"widget\" data-widget_type=\"theme-post-content.default\">\n<div class=\"elementor-widget-container\">\n<p>A Federa\u00e7\u00e3o Nacional dos Bancos (Fenaban) apresentou, nesta sexta-feira (26), uma proposta de reajuste salarial de apenas 75,8% da infla\u00e7\u00e3o, o que leva a categoria banc\u00e1ria a ter uma perda real de 2% nos sal\u00e1rios. O Comando Nacional dos Banc\u00e1rios indica a rejei\u00e7\u00e3o da proposta nas assembleias que ser\u00e3o realizadas nesta noite.<\/p>\n<p>J\u00e1 foram realizadas 17 reuni\u00f5es de negocia\u00e7\u00e3o ap\u00f3s a entrega da minuta e os bancos mant\u00e9m a proposta de perda salarial. \u201cN\u00e3o vamos aceitar proposta que n\u00e3o traga aumento real dos sal\u00e1rios\u201d, disse a presidenta da Confedera\u00e7\u00e3o Nacional dos Trabalhadores do Ramo Financeiro (Contraf-CUT) e coordenadora do Comando Nacional dos Banc\u00e1rios, Juvandia Moreira. \u201cNa PLR obtivemos avan\u00e7os, mas os bancos ainda precisam melhorar a proposta\u201d, completou.<\/p>\n<p>Com rela\u00e7\u00e3o \u00e0 proposta para Participa\u00e7\u00e3o nos Lucros e\/ou Resultados (PLR) Os bancos desistiram de pedir a compensa\u00e7\u00e3o (redu\u00e7\u00e3o) das verbas pagas em programas pr\u00f3prios na parcela adicional da PLR da Fenaban. Mas, para a presidenta do Sindicato dos Banc\u00e1rios de S\u00e3o Paulo, Osasco e Regi\u00e3o (Seeb\/SP), tamb\u00e9m coordenadora do Comando, Ivone Silva, \u201cos bancos ainda n\u00e3o conseguiram enxergar que precisam apresentar uma proposta que valorize a categoria, com aumento real nos sal\u00e1rios e maior distribui\u00e7\u00e3o dos lucros para quem trabalha para que eles tenham seus lucros astron\u00f4micos\u201d.<\/p>\n<p><strong>Assembleias<\/strong><\/p>\n<p>Sindicatos da categoria de todo o pa\u00eds realizam assembleias nesta sexta-feira (26) para que os banc\u00e1rios analisem a proposta da Fenaban e autorizem o estado de assembleia permanente. Para votar, os banc\u00e1rios devem acessar o link da Plataforma VotaBem (<a href=\"https:\/\/bancarios.votabem.com.br\/\" target=\"_blank\" rel=\"noopener noreferrer\">https:\/\/bancarios.votabem.com.br<\/a>), ou link disponibilizado pelo sindicato de sua base.<\/p>\n<p>O Comando Nacional dos Banc\u00e1rios indica a rejei\u00e7\u00e3o da proposta dos bancos e a aprova\u00e7\u00e3o do estado de assembleia permanente, para permitir que o Comando Nacional dos Banc\u00e1rios convoque a categoria a qualquer momento para avaliar e deliberar sobre novas propostas.<\/p>\n<p><strong>Avan\u00e7os<\/strong><\/p>\n<p><strong>Complementa\u00e7\u00e3o do aux\u00edlio doen\u00e7a<br \/><\/strong>Com rela\u00e7\u00e3o ao aux\u00edlio doen\u00e7a previsto na cl\u00e1usula 29 da CCT, os bancos queriam incluir uma al\u00ednea ao par\u00e1grafo primeiro da cl\u00e1usula para estabelecer que somente teria direito ao aux\u00edlio o empregado que tivesse retornado ao trabalho e trabalhado ininterruptamente pelo per\u00edodo m\u00ednimo de 6 meses ap\u00f3s o recebimento da \u00faltima complementa\u00e7\u00e3o, mas ap\u00f3s reivindica\u00e7\u00e3o do Comando, os bancos retiraram a proposta.<\/p>\n<p><strong>Teletrabalho<br \/><\/strong>\u00c9 um tema novo que vai entrar na CCT. Os bancos concordaram com a reivindica\u00e7\u00e3o de controle de jornada para todos os trabalhadores; com o fornecimento e manuten\u00e7\u00e3o de equipamentos; com o direito \u00e0 desconex\u00e3o para que gestores n\u00e3o demandem os trabalhadores fora do hor\u00e1rio de expediente dos mesmos; com a manuten\u00e7\u00e3o dos direitos da CCT aos trabalhadores que realizem suas fun\u00e7\u00f5es fora das depend\u00eancias do banco; com preven\u00e7\u00e3o e precau\u00e7\u00f5es com a sa\u00fade dos trabalhadores; com a cria\u00e7\u00e3o de canal espec\u00edfico para que os trabalhadores em teletrabalho tirem suas d\u00favidas.<\/p>\n<p>Os trabalhadores com filhos de at\u00e9 quatro anos, ou com defici\u00eancia ter\u00e3o prioridade e as banc\u00e1rias v\u00edtimas de viol\u00eancia dom\u00e9stica poder\u00e3o escolher se preferem trabalhar em domic\u00edlio, ou nas depend\u00eancias do banco.<\/p>\n<p>Os bancos facilitar\u00e3o a realiza\u00e7\u00e3o de campanhas de sindicaliza\u00e7\u00e3o e o contato com os trabalhadores em teletrabalho.<\/p>\n<p>Ser\u00e1 criado um GT bipartite para acompanhar o cumprimento da cl\u00e1usula.<\/p>\n<p>Mas ainda falta avan\u00e7ar na ajuda de custo.<\/p>\n<p><strong>Ass\u00e9dio sexual<br \/><\/strong>A nova cl\u00e1usula sobre ass\u00e9dio sexual far\u00e1 rep\u00fadio \u00e0 esta pr\u00e1tica nos bancos e os gestores e empregados passar\u00e3o por treinamento para preven\u00e7\u00e3o e esclarecimento sobre poss\u00edveis consequ\u00eancias. Tamb\u00e9m est\u00e1 em debate a participa\u00e7\u00e3o das entidades sindicais no canal de den\u00fancias a ser criado, assim como o acompanhamento dos casos pela comiss\u00e3o bipartite de diversidade que j\u00e1 existe.<\/p>\n<p><strong>Ass\u00e9dio moral e cobran\u00e7a de metas<br \/><\/strong>O tema ser\u00e1 pautado na primeira reuni\u00e3o de negocia\u00e7\u00e3o de 2023 dos bancos que t\u00eam comiss\u00f5es de empresa. Os bancos que n\u00e3o t\u00eam comiss\u00e3o de empresa devem realizar reuni\u00e3o espec\u00edfica com a representa\u00e7\u00e3o dos trabalhadores para tratar do tema, a pedido do sindicato.<\/p>\n<p><strong>Continuidade das negocia\u00e7\u00f5es<\/strong><\/p>\n<p>As negocia\u00e7\u00f5es ficam interrompidas no final de semana e ser\u00e3o retomadas na segunda-feira (29), \u00e0s 14h.<\/p>\n<\/div>\n<\/div>\n<div class=\"elementor-element elementor-element-12fb8eb elementor-widget elementor-widget-heading\" data-id=\"12fb8eb\" data-element_type=\"widget\" data-widget_type=\"heading.default\">\n<div class=\"elementor-widget-container\">\n<h2 class=\"elementor-heading-title elementor-size-medium\">Compartilhe:<\/h2>\n<\/div>\n<\/div>\n","protected":false},"excerpt":{"rendered":"<p>A Federa\u00e7\u00e3o Nacional dos Bancos (Fenaban) apresentou, nesta sexta-feira (26), uma proposta de reajuste salarial de apenas 75,8% da infla\u00e7\u00e3o, o que leva a categoria banc\u00e1ria a ter uma perda real de 2% nos sal\u00e1rios. O Comando Nacional dos Banc\u00e1rios indica a rejei\u00e7\u00e3o da proposta nas assembleias que ser\u00e3o realizadas nesta noite. J\u00e1 foram realizadas [&hellip;]<\/p>\n","protected":false},"author":2,"featured_media":13058,"comment_status":"","ping_status":"","sticky":false,"template":"","format":"standard","meta":{"footnotes":""},"categories":[3],"tags":[],"class_list":["post-13059","post","type-post","status-publish","format-standard","has-post-thumbnail","hentry","category-noticias"],"_links":{"self":[{"href":"https:\/\/hostnetart.com.br\/baixada\/wp-json\/wp\/v2\/posts\/13059","targetHints":{"allow":["GET"]}}],"collection":[{"href":"https:\/\/hostnetart.com.br\/baixada\/wp-json\/wp\/v2\/posts"}],"about":[{"href":"https:\/\/hostnetart.com.br\/baixada\/wp-json\/wp\/v2\/types\/post"}],"author":[{"embeddable":true,"href":"https:\/\/hostnetart.com.br\/baixada\/wp-json\/wp\/v2\/users\/2"}],"replies":[{"embeddable":true,"href":"https:\/\/hostnetart.com.br\/baixada\/wp-json\/wp\/v2\/comments?post=13059"}],"version-history":[{"count":0,"href":"https:\/\/hostnetart.com.br\/baixada\/wp-json\/wp\/v2\/posts\/13059\/revisions"}],"wp:featuredmedia":[{"embeddable":true,"href":"https:\/\/hostnetart.com.br\/baixada\/wp-json\/wp\/v2\/media\/13058"}],"wp:attachment":[{"href":"https:\/\/hostnetart.com.br\/baixada\/wp-json\/wp\/v2\/media?parent=13059"}],"wp:term":[{"taxonomy":"category","embeddable":true,"href":"https:\/\/hostnetart.com.br\/baixada\/wp-json\/wp\/v2\/categories?post=13059"},{"taxonomy":"post_tag","embeddable":true,"href":"https:\/\/hostnetart.com.br\/baixada\/wp-json\/wp\/v2\/tags?post=13059"}],"curies":[{"name":"wp","href":"https:\/\/api.w.org\/{rel}","templated":true}]}}