{"id":13055,"date":"2022-08-26T02:04:35","date_gmt":"2022-08-26T05:04:35","guid":{"rendered":"https:\/\/hostnetart.com.br\/baixada\/bancos-insistem-em-impor-perdas-para-os-trabalhadores\/"},"modified":"2022-08-26T02:04:35","modified_gmt":"2022-08-26T05:04:35","slug":"bancos-insistem-em-impor-perdas-para-os-trabalhadores","status":"publish","type":"post","link":"https:\/\/hostnetart.com.br\/baixada\/bancos-insistem-em-impor-perdas-para-os-trabalhadores\/","title":{"rendered":"Bancos insistem em impor perdas para os trabalhadores"},"content":{"rendered":"<p>Na reuni\u00e3o de negocia\u00e7\u00e3o da Campanha Nacional dos Banc\u00e1rios 2022 desta quinta-feira (25), o Comando Nacional dos Banc\u00e1rios conseguiu que a Federa\u00e7\u00e3o Nacional dos Bancos (Fenaban) aumentasse a proposta de reajuste da PLR para 100% da infla\u00e7\u00e3o (INPC) e n\u00e3o apresentou uma nova proposta para aumento dos sal\u00e1rios e demais verbas econ\u00f4micas, mantendo a\u00a0<a href=\"https:\/\/contrafcut.com.br\/noticias\/bancos-propoem-reajuste-de-apenas-65-da-inflacao\" target=\"_blank\" rel=\"noopener noreferrer\">proposta de reajuste de apenas 65% da infla\u00e7\u00e3o<\/a>. O Comando cobrou proposta global, com aumento real dos sal\u00e1rios.<\/p>\n<p>\u201c\u00c9 lament\u00e1vel termos que terminar este dia de negocia\u00e7\u00f5es sem uma resposta sobre nossa reivindica\u00e7\u00e3o de aumento real e, pior ainda, sa\u00edmos com a tentativa dos bancos de retirar direitos dos trabalhadores\u201d, criticou a presidenta da Confedera\u00e7\u00e3o Nacional dos Trabalhadores do Ramo Financeiro (Contraf-CUT) e coordenadora do Comado Nacional dos Banc\u00e1rios, Juvandia Moreira. \u201cA categoria continua sendo desprestigiada e j\u00e1 demonstrou diversas vezes que n\u00e3o aceitar\u00e1 retirada de direitos\u201d, completou.<\/p>\n<p>\u201cEstamos negociando h\u00e1 dias e esper\u00e1vamos uma proposta para todos os itens de reivindica\u00e7\u00f5es. Mas, novamente vamos ter que dizer para os banc\u00e1rios que n\u00e3o temos resposta com rela\u00e7\u00e3o ao aumento real\u201d, afirmou a presidenta do Sindicato dos Banc\u00e1rios de S\u00e3o Paulo (Seeb\/SP), tamb\u00e9m coordenadora do Comando, Ivone Silva.<\/p>\n<p>\u201cEsper\u00e1vamos que a Fenaban levasse em conta que esse \u00e9 o momento que toda a categoria est\u00e1 voltada para essa mesa, ansiosa para saber se nossas pautas v\u00e3o ser valorizadas ou se o reconhecimento pelo \u00e1rduo trabalho que tivemos para que os bancos alcan\u00e7assem lucros extraordin\u00e1rios ser\u00e3o retribu\u00eddos com perdas e retirada de direitos. A categoria est\u00e1 frustrada e impaciente, n\u00e3o merece esse tratamento e exige uma mudan\u00e7a de postura. Mas, tamb\u00e9m est\u00e1 mobilizada e vai deliberar sobre o rumo do movimento em assembleias em todo o pa\u00eds\u201d, disse a secret\u00e1ria-geral do Seeb\/SP, Neiva Ribeiro.<\/p>\n<h3><strong>Perdas da PLR<\/strong><\/h3>\n<p>Os bancos continuam querendo compensar os valores pagos pelos programas pr\u00f3prios na parcela adicional da PLR. Com isso, os banc\u00e1rios de bancos que possuem programas pr\u00f3prios t\u00eam perdas diretas na parcela adicional.<\/p>\n<p>Com a corre\u00e7\u00e3o da PLR pelo INPC, estimada em 8,88%, nos tr\u00eas maiores bancos privados do pa\u00eds (Bradesco, Ita\u00fa e Santander) o percentual de distribui\u00e7\u00e3o na regra b\u00e1sica cai de 4,97% do lucro distribu\u00eddo em 2021 para 4,85%. Na parcela adicional a redu\u00e7\u00e3o seria de 1,69% para 1,67%.<\/p>\n<h3><strong>Assembleias<\/strong><\/h3>\n<p>Sindicatos da categoria de todo o pa\u00eds v\u00e3o realizar assembleias na sexta-feira (26) para que os banc\u00e1rios analisem a proposta da Fenaban e autorize o estado de assembleia permanente.<\/p>\n<p>\u201cCom uma proposta de reajuste sem aumento real, com reajuste do vale alimenta\u00e7\u00e3o apenas pela infla\u00e7\u00e3o geral, sem considerar a infla\u00e7\u00e3o dos alimentos, e retirada de direitos na PLR, os bancos jogam a categoria para a greve\u201d, concluiu Juvandia.<\/p>\n<h3><strong>Continuidade das negocia\u00e7\u00f5es<\/strong><\/h3>\n<p>A pr\u00f3xima reuni\u00e3o de negocia\u00e7\u00e3o est\u00e1 marcada para esta sexta-feira (26), a partir das 14h, presencialmente, em S\u00e3o Paulo.<\/p>\n<p><strong>Fonte: Contraf-CUT<\/strong><\/p>\n","protected":false},"excerpt":{"rendered":"<p>Na reuni\u00e3o de negocia\u00e7\u00e3o da Campanha Nacional dos Banc\u00e1rios 2022 desta quinta-feira (25), o Comando Nacional dos Banc\u00e1rios conseguiu que a Federa\u00e7\u00e3o Nacional dos Bancos (Fenaban) aumentasse a proposta de reajuste da PLR para 100% da infla\u00e7\u00e3o (INPC) e n\u00e3o apresentou uma nova proposta para aumento dos sal\u00e1rios e demais verbas econ\u00f4micas, mantendo a\u00a0proposta de [&hellip;]<\/p>\n","protected":false},"author":2,"featured_media":13054,"comment_status":"","ping_status":"","sticky":false,"template":"","format":"standard","meta":{"footnotes":""},"categories":[3],"tags":[],"class_list":["post-13055","post","type-post","status-publish","format-standard","has-post-thumbnail","hentry","category-noticias"],"_links":{"self":[{"href":"https:\/\/hostnetart.com.br\/baixada\/wp-json\/wp\/v2\/posts\/13055","targetHints":{"allow":["GET"]}}],"collection":[{"href":"https:\/\/hostnetart.com.br\/baixada\/wp-json\/wp\/v2\/posts"}],"about":[{"href":"https:\/\/hostnetart.com.br\/baixada\/wp-json\/wp\/v2\/types\/post"}],"author":[{"embeddable":true,"href":"https:\/\/hostnetart.com.br\/baixada\/wp-json\/wp\/v2\/users\/2"}],"replies":[{"embeddable":true,"href":"https:\/\/hostnetart.com.br\/baixada\/wp-json\/wp\/v2\/comments?post=13055"}],"version-history":[{"count":0,"href":"https:\/\/hostnetart.com.br\/baixada\/wp-json\/wp\/v2\/posts\/13055\/revisions"}],"wp:featuredmedia":[{"embeddable":true,"href":"https:\/\/hostnetart.com.br\/baixada\/wp-json\/wp\/v2\/media\/13054"}],"wp:attachment":[{"href":"https:\/\/hostnetart.com.br\/baixada\/wp-json\/wp\/v2\/media?parent=13055"}],"wp:term":[{"taxonomy":"category","embeddable":true,"href":"https:\/\/hostnetart.com.br\/baixada\/wp-json\/wp\/v2\/categories?post=13055"},{"taxonomy":"post_tag","embeddable":true,"href":"https:\/\/hostnetart.com.br\/baixada\/wp-json\/wp\/v2\/tags?post=13055"}],"curies":[{"name":"wp","href":"https:\/\/api.w.org\/{rel}","templated":true}]}}