{"id":13053,"date":"2022-08-25T21:49:32","date_gmt":"2022-08-26T00:49:32","guid":{"rendered":"https:\/\/hostnetart.com.br\/baixada\/santander-trabalhadores-conseguem-reverter-proposta-para-compensar-ppr-da-plr\/"},"modified":"2022-08-25T21:49:32","modified_gmt":"2022-08-26T00:49:32","slug":"santander-trabalhadores-conseguem-reverter-proposta-para-compensar-ppr-da-plr","status":"publish","type":"post","link":"https:\/\/hostnetart.com.br\/baixada\/santander-trabalhadores-conseguem-reverter-proposta-para-compensar-ppr-da-plr\/","title":{"rendered":"Santander: trabalhadores conseguem reverter proposta para compensar PPR da PLR"},"content":{"rendered":"<p>A Comiss\u00e3o de Organiza\u00e7\u00e3o dos Empregados (COE) do Santander conseguiu reverter proposta da empresa para inserir na Conven\u00e7\u00e3o Coletiva de Trabalho (CCT) da categoria uma cl\u00e1usula que compensaria do Programa Pr\u00f3prio de Resultados (PPR) a Participa\u00e7\u00e3o nos Lucros e Resultados (PLR). A dire\u00e7\u00e3o do Santander anunciou o recuo nesta quinta-feira (25), durante a terceira rodada de negocia\u00e7\u00e3o para renova\u00e7\u00e3o do Acordo Coletivo de Trabalho (ACT) espec\u00edfico dos trabalhadores do banco.<\/p>\n<p>\u201cEsse recuo do banco foi um avan\u00e7o importante para n\u00f3s, trabalhadores e trabalhadoras. Com isso, permanece a regra atual que \u00e9 um somat\u00f3rio entre os programas pr\u00f3prios e a PLR\u201d, explicou a coordenadora da COE, Lucimara Malaquias. \u201cNa pr\u00e1tica, isso significa um valor maior de pagamento a t\u00edtulo de participa\u00e7\u00e3o de lucros\u201d, completou.<\/p>\n<p>As negocia\u00e7\u00f5es para a renova\u00e7\u00e3o do ACT espec\u00edfico dos trabalhadores do Santander, aditivo \u00e0 CCT da categoria, continuam na pr\u00f3xima semana, com a avalia\u00e7\u00e3o das cl\u00e1usulas sociais.<\/p>\n<p><strong>Fonte: Contraf-CUT<\/strong><\/p>\n","protected":false},"excerpt":{"rendered":"<p>A Comiss\u00e3o de Organiza\u00e7\u00e3o dos Empregados (COE) do Santander conseguiu reverter proposta da empresa para inserir na Conven\u00e7\u00e3o Coletiva de Trabalho (CCT) da categoria uma cl\u00e1usula que compensaria do Programa Pr\u00f3prio de Resultados (PPR) a Participa\u00e7\u00e3o nos Lucros e Resultados (PLR). A dire\u00e7\u00e3o do Santander anunciou o recuo nesta quinta-feira (25), durante a terceira rodada [&hellip;]<\/p>\n","protected":false},"author":2,"featured_media":13052,"comment_status":"","ping_status":"","sticky":false,"template":"","format":"standard","meta":{"footnotes":""},"categories":[3],"tags":[],"class_list":["post-13053","post","type-post","status-publish","format-standard","has-post-thumbnail","hentry","category-noticias"],"_links":{"self":[{"href":"https:\/\/hostnetart.com.br\/baixada\/wp-json\/wp\/v2\/posts\/13053","targetHints":{"allow":["GET"]}}],"collection":[{"href":"https:\/\/hostnetart.com.br\/baixada\/wp-json\/wp\/v2\/posts"}],"about":[{"href":"https:\/\/hostnetart.com.br\/baixada\/wp-json\/wp\/v2\/types\/post"}],"author":[{"embeddable":true,"href":"https:\/\/hostnetart.com.br\/baixada\/wp-json\/wp\/v2\/users\/2"}],"replies":[{"embeddable":true,"href":"https:\/\/hostnetart.com.br\/baixada\/wp-json\/wp\/v2\/comments?post=13053"}],"version-history":[{"count":0,"href":"https:\/\/hostnetart.com.br\/baixada\/wp-json\/wp\/v2\/posts\/13053\/revisions"}],"wp:featuredmedia":[{"embeddable":true,"href":"https:\/\/hostnetart.com.br\/baixada\/wp-json\/wp\/v2\/media\/13052"}],"wp:attachment":[{"href":"https:\/\/hostnetart.com.br\/baixada\/wp-json\/wp\/v2\/media?parent=13053"}],"wp:term":[{"taxonomy":"category","embeddable":true,"href":"https:\/\/hostnetart.com.br\/baixada\/wp-json\/wp\/v2\/categories?post=13053"},{"taxonomy":"post_tag","embeddable":true,"href":"https:\/\/hostnetart.com.br\/baixada\/wp-json\/wp\/v2\/tags?post=13053"}],"curies":[{"name":"wp","href":"https:\/\/api.w.org\/{rel}","templated":true}]}}