{"id":1305,"date":"2013-08-15T00:00:00","date_gmt":"2013-08-15T03:00:00","guid":{"rendered":"https:\/\/hostnetart.com.br\/baixada\/22-de-agosto-dia-nacional-de-luta-dos-empregados-da-cef\/"},"modified":"2013-08-15T00:00:00","modified_gmt":"2013-08-15T03:00:00","slug":"22-de-agosto-dia-nacional-de-luta-dos-empregados-da-cef","status":"publish","type":"post","link":"https:\/\/hostnetart.com.br\/baixada\/22-de-agosto-dia-nacional-de-luta-dos-empregados-da-cef\/","title":{"rendered":"22 DE AGOSTO DIA NACIONAL DE LUTA DOS EMPREGADOS DA CEF"},"content":{"rendered":"<p><strong>Empregados da Caixa realizam dia de luta e ampliam mobiliza\u00e7\u00f5es no dia 22<\/strong><\/p>\n<p>\u00a0<\/p>\n<p>\u00a0<\/p>\n<p>Na pr\u00f3xima quinta-feira (22), os empregados da Caixa Econ\u00f4mica Federal realizam Dia Nacional de Luta e ir\u00e3o refor\u00e7ar as manifesta\u00e7\u00f5es com passeatas da categoria em todo pa\u00eds, dentro do calend\u00e1rio de mobiliza\u00e7\u00e3o da Campanha Nacional dos Banc\u00e1rios 2013.<\/p>\n<p>\u00a0<\/p>\n<p>\u00a0<\/p>\n<p>\u00a0<\/p>\n<p>O dia nacional de luta na Caixa foi aprovado pelo 29\u00ba Congresso Nacional dos Empregados (Conecef), ocorrido entre os dias 17 e 19 de maio, em S\u00e3o Paulo, e data foi definida na reuni\u00e3o do Comando Nacional dos Banc\u00e1rios, coordenado pela Contraf-CUT.<\/p>\n<p>\u00a0<\/p>\n<p>\u00a0<\/p>\n<p>\u00a0<\/p>\n<p>Para Jair Pedro Ferreira, coordenador da Comiss\u00e3o Executiva dos Empregados (CEE\/Caixa) e vice-presidente da Fenae, os empregados da Caixa do Brasil inteiro precisam estar unidos e coesos com os trabalhadores de outras institui\u00e7\u00f5es financeiras, de modo a conquistar avan\u00e7os tanto na mesa geral com a Federa\u00e7\u00e3o Nacional dos Bancos (Fenaban) quanto na mesa da pauta espec\u00edfica com a Caixa.<\/p>\n<p>\u00a0<\/p>\n<p>\u00a0<\/p>\n<p>\u00a0<\/p>\n<p>Segundo Jair, o tema das condi\u00e7\u00f5es de trabalho ser\u00e1 uma das prioridades das negocia\u00e7\u00f5es espec\u00edficas da campanha deste ano. O objetivo, nesse caso, \u00e9 acabar de uma vez por todas com a sobrecarga de trabalho nas unidades, pondo fim \u00e0 frequente e desnecess\u00e1ria extrapola\u00e7\u00e3o da jornada, \u201csitua\u00e7\u00e3o recorrente devido ao aumento da demanda e \u00e0 falta de empregados. A luta do movimento nacional dos empregados \u00e9 para que a dire\u00e7\u00e3o da Caixa aumente a m\u00e9dia de trabalhadores por ag\u00eancia\u201d.<\/p>\n<p>\u00a0<\/p>\n<p>\u00a0<\/p>\n<p>\u00a0<\/p>\n<p>\u00a0<\/p>\n<p><strong>Negocia\u00e7\u00f5es com a Caixa<\/strong><\/p>\n<p>\u00a0<\/p>\n<p>\u00a0<\/p>\n<p>\u00a0<\/p>\n<p>A segunda rodada de negocia\u00e7\u00e3o espec\u00edfica entre representantes dos empregados e da dire\u00e7\u00e3o da Caixa ser\u00e1 no dia 19 de agosto, pr\u00f3xima segunda-feira. A primeira reuni\u00e3o, que debateu sa\u00fade e condi\u00e7\u00f5es de trabalho, ocorreu na sexta-feira (9), sem o registro de qualquer avan\u00e7o.<\/p>\n<p>\u00a0<\/p>\n<p>\u00a0<\/p>\n<p>\u00a0<\/p>\n<p>Fonte: Contraf-CUT com Fenae<\/p>\n","protected":false},"excerpt":{"rendered":"<p>Empregados da Caixa realizam dia de luta e ampliam mobiliza\u00e7\u00f5es no dia 22 \u00a0 \u00a0 Na pr\u00f3xima quinta-feira (22), os empregados da Caixa Econ\u00f4mica Federal realizam Dia Nacional de Luta e ir\u00e3o refor\u00e7ar as manifesta\u00e7\u00f5es com passeatas da categoria em todo pa\u00eds, dentro do calend\u00e1rio de mobiliza\u00e7\u00e3o da Campanha Nacional dos Banc\u00e1rios 2013. \u00a0 \u00a0 [&hellip;]<\/p>\n","protected":false},"author":1,"featured_media":0,"comment_status":"","ping_status":"","sticky":false,"template":"","format":"standard","meta":{"footnotes":""},"categories":[3],"tags":[],"class_list":["post-1305","post","type-post","status-publish","format-standard","hentry","category-noticias"],"_links":{"self":[{"href":"https:\/\/hostnetart.com.br\/baixada\/wp-json\/wp\/v2\/posts\/1305","targetHints":{"allow":["GET"]}}],"collection":[{"href":"https:\/\/hostnetart.com.br\/baixada\/wp-json\/wp\/v2\/posts"}],"about":[{"href":"https:\/\/hostnetart.com.br\/baixada\/wp-json\/wp\/v2\/types\/post"}],"author":[{"embeddable":true,"href":"https:\/\/hostnetart.com.br\/baixada\/wp-json\/wp\/v2\/users\/1"}],"replies":[{"embeddable":true,"href":"https:\/\/hostnetart.com.br\/baixada\/wp-json\/wp\/v2\/comments?post=1305"}],"version-history":[{"count":0,"href":"https:\/\/hostnetart.com.br\/baixada\/wp-json\/wp\/v2\/posts\/1305\/revisions"}],"wp:attachment":[{"href":"https:\/\/hostnetart.com.br\/baixada\/wp-json\/wp\/v2\/media?parent=1305"}],"wp:term":[{"taxonomy":"category","embeddable":true,"href":"https:\/\/hostnetart.com.br\/baixada\/wp-json\/wp\/v2\/categories?post=1305"},{"taxonomy":"post_tag","embeddable":true,"href":"https:\/\/hostnetart.com.br\/baixada\/wp-json\/wp\/v2\/tags?post=1305"}],"curies":[{"name":"wp","href":"https:\/\/api.w.org\/{rel}","templated":true}]}}