{"id":13047,"date":"2022-08-24T17:01:25","date_gmt":"2022-08-24T20:01:25","guid":{"rendered":"https:\/\/hostnetart.com.br\/baixada\/assembleia-para-avaliar-propostas-da-fenaban-ocorre-nesta-26\/"},"modified":"2022-08-24T17:01:25","modified_gmt":"2022-08-24T20:01:25","slug":"assembleia-para-avaliar-propostas-da-fenaban-ocorre-nesta-26","status":"publish","type":"post","link":"https:\/\/hostnetart.com.br\/baixada\/assembleia-para-avaliar-propostas-da-fenaban-ocorre-nesta-26\/","title":{"rendered":"Assembleia para avaliar propostas da Fenaban ocorre nesta sexta (26)"},"content":{"rendered":"<p>Na pr\u00f3xima sexta-feira, 26 de agosto, das 19 horas \u00e0s 23h59min, o Sindicato dos Banc\u00e1rios da Baixada Fluminense e demais sindicatos da categoria pelo Brasil, realizam assembleia para avaliar a\u00a0proposta apresentada pela\u00a0Federa\u00e7\u00e3o Nacional dos Bancos (Fenaban) e deliberar\u00a0sobre a transforma\u00e7\u00e3o desta Assembleia Geral Extraordin\u00e1ria em Assembleia Geral Extraordin\u00e1ria Permanente,\u00a0com consultas assembleares remotas\/virtuais, em\u00a0dias e hor\u00e1rios convocados pelo Comando Nacional dos Banc\u00e1rios.<\/p>\n<p>As mesas de negocia\u00e7\u00e3o com a Fenaban est\u00e3o ocorrendo todos os dias desta semana, presencialmente, na capital paulista.<\/p>\n<p><span style=\"text-decoration: underline;\"> PARA VOTAR<\/span><\/p>\n<div class=\"itemFullText\">\n<p>Para votar e participar, basta acessar o link de vota\u00e7\u00e3o:\u00a0<a href=\"https:\/\/bancarios.votabem.com.br\/\" target=\"_blank\" rel=\"noopener noreferrer\" data-saferedirecturl=\"https:\/\/www.google.com\/url?q=https:\/\/bancarios.votabem.com.br\/&amp;source=gmail&amp;ust=1636129454866000&amp;usg=AFQjCNHQCa4_HJ1V-eWySOHv-N1-EZBMLA\">https:\/\/bancarios.<wbr \/>votabem.com.br\/<\/a><\/p>\n<div>\n<div>O link estar\u00e1, tamb\u00e9m, dispon\u00edvel em nosso site (<a href=\"http:\/\/www.bancariosbaixada.org.br\/\" target=\"_blank\" rel=\"noopener noreferrer\" data-saferedirecturl=\"https:\/\/www.google.com\/url?q=http:\/\/www.bancariosbaixada.org.br\/&amp;source=gmail&amp;ust=1636129454866000&amp;usg=AFQjCNEwiU9TBuX_kv6R8xSnRenKPU38WA\">http:\/\/www.bancariosbaixada.<wbr \/>org.br\/<\/a>)<\/div>\n<div>\u00a0<\/div>\n<div>PARTICIPEM!<\/div>\n<\/div>\n<\/div>\n<p>\u00a0<\/p>\n<p>\u00a0<\/p>\n<p>\u00a0<\/p>\n<p>\u00a0<\/p>\n<p>\u00a0<\/p>\n","protected":false},"excerpt":{"rendered":"<p>Na pr\u00f3xima sexta-feira, 26 de agosto, das 19 horas \u00e0s 23h59min, o Sindicato dos Banc\u00e1rios da Baixada Fluminense e demais sindicatos da categoria pelo Brasil, realizam assembleia para avaliar a\u00a0proposta apresentada pela\u00a0Federa\u00e7\u00e3o Nacional dos Bancos (Fenaban) e deliberar\u00a0sobre a transforma\u00e7\u00e3o desta Assembleia Geral Extraordin\u00e1ria em Assembleia Geral Extraordin\u00e1ria Permanente,\u00a0com consultas assembleares remotas\/virtuais, em\u00a0dias e hor\u00e1rios [&hellip;]<\/p>\n","protected":false},"author":2,"featured_media":13046,"comment_status":"","ping_status":"","sticky":false,"template":"","format":"standard","meta":{"footnotes":""},"categories":[3],"tags":[],"class_list":["post-13047","post","type-post","status-publish","format-standard","has-post-thumbnail","hentry","category-noticias"],"_links":{"self":[{"href":"https:\/\/hostnetart.com.br\/baixada\/wp-json\/wp\/v2\/posts\/13047","targetHints":{"allow":["GET"]}}],"collection":[{"href":"https:\/\/hostnetart.com.br\/baixada\/wp-json\/wp\/v2\/posts"}],"about":[{"href":"https:\/\/hostnetart.com.br\/baixada\/wp-json\/wp\/v2\/types\/post"}],"author":[{"embeddable":true,"href":"https:\/\/hostnetart.com.br\/baixada\/wp-json\/wp\/v2\/users\/2"}],"replies":[{"embeddable":true,"href":"https:\/\/hostnetart.com.br\/baixada\/wp-json\/wp\/v2\/comments?post=13047"}],"version-history":[{"count":0,"href":"https:\/\/hostnetart.com.br\/baixada\/wp-json\/wp\/v2\/posts\/13047\/revisions"}],"wp:featuredmedia":[{"embeddable":true,"href":"https:\/\/hostnetart.com.br\/baixada\/wp-json\/wp\/v2\/media\/13046"}],"wp:attachment":[{"href":"https:\/\/hostnetart.com.br\/baixada\/wp-json\/wp\/v2\/media?parent=13047"}],"wp:term":[{"taxonomy":"category","embeddable":true,"href":"https:\/\/hostnetart.com.br\/baixada\/wp-json\/wp\/v2\/categories?post=13047"},{"taxonomy":"post_tag","embeddable":true,"href":"https:\/\/hostnetart.com.br\/baixada\/wp-json\/wp\/v2\/tags?post=13047"}],"curies":[{"name":"wp","href":"https:\/\/api.w.org\/{rel}","templated":true}]}}