{"id":13041,"date":"2022-08-23T17:52:30","date_gmt":"2022-08-23T20:52:30","guid":{"rendered":"https:\/\/hostnetart.com.br\/baixada\/comite-lanca-propostas-para-um-bb-engajado-com-o-desenvolvimento-do-pais\/"},"modified":"2022-08-23T17:52:30","modified_gmt":"2022-08-23T20:52:30","slug":"comite-lanca-propostas-para-um-bb-engajado-com-o-desenvolvimento-do-pais","status":"publish","type":"post","link":"https:\/\/hostnetart.com.br\/baixada\/comite-lanca-propostas-para-um-bb-engajado-com-o-desenvolvimento-do-pais\/","title":{"rendered":"Comit\u00ea lan\u00e7a propostas para um BB engajado com o desenvolvimento do pa\u00eds"},"content":{"rendered":"<p>O Comit\u00ea de Luta em Defesa do Banco do Brasil, da Confedera\u00e7\u00e3o Nacional dos Trabalhadores do Ramo Financeiro (Contraf-CUT), est\u00e1 lan\u00e7ando o documento \u201cPropostas para o BB p\u00fablico em um governo democr\u00e1tico e popular\u201d.<\/p>\n<p>\u201cO objetivo do material \u00e9 trazer uma reflex\u00e3o sobre o papel do BB como uma institui\u00e7\u00e3o que que pode liderar um projeto de desenvolvimento do pa\u00eds sustent\u00e1vel e includente e, assim, colaborar com um novo governo democr\u00e1tico e popular\u201d, explicou o vice-presidente da Contraf-CUT, respons\u00e1vel pelo Comit\u00ea, Vin\u00edcius Assump\u00e7\u00e3o.<\/p>\n<p>\u201cApesar da import\u00e2ncia hist\u00f3rica do BB para o desenvolvimento do pa\u00eds, nos \u00faltimos anos a institui\u00e7\u00e3o vem se transformando em mais um banco do mercado, onde os servi\u00e7os especiais s\u00e3o reservados para os clientes mais ricos, as taxas de juros s\u00e3o abusivas e o cr\u00e9dito \u00e9 reservado para quem tem bens e recursos\u201d, complementou o coordenador da Comiss\u00e3o de Empresa dos Funcion\u00e1rios do Banco do Brasil (CEBB), Jo\u00e3o Fukunaga. \u201cNos \u00faltimos anos, a institui\u00e7\u00e3o sofreu um processo de desmonte: s\u00e3o mais de 1.400 ag\u00eancias fechadas e redu\u00e7\u00e3o de mais de 20 mil funcion\u00e1rios. E um dos prop\u00f3sitos do documento \u00e9 mostrar como esse enxugamento n\u00e3o \u00e9 ruim apenas para quem trabalha no BB, mas para o pa\u00eds\u201d, prosseguiu.<\/p>\n<p>O estudo \u201cPropostas para o BB p\u00fablico em um governo democr\u00e1tico e popular\u201d \u00e9 dividido em cinco partes: apresenta\u00e7\u00e3o; contexto macroecon\u00f4mico; regula\u00e7\u00e3o do sistema financeiro nacional; fun\u00e7\u00e3o social do BB; e estrat\u00e9gia corporativa do banco.<\/p>\n<p><strong><a href=\"https:\/\/contrafcut.com.br\/propostas-para-o-banco-do-brasil-publico-em-um-governo-democratico-e-popular-bb-publico-para-todods-1\/\" target=\"_blank\" rel=\"noopener noreferrer\">Clique aqui<\/a><\/strong>\u00a0para acessar o documento na \u00edntegra.<\/p>\n<p><strong>Fonte: Contraf-CUT<\/strong><\/p>\n","protected":false},"excerpt":{"rendered":"<p>O Comit\u00ea de Luta em Defesa do Banco do Brasil, da Confedera\u00e7\u00e3o Nacional dos Trabalhadores do Ramo Financeiro (Contraf-CUT), est\u00e1 lan\u00e7ando o documento \u201cPropostas para o BB p\u00fablico em um governo democr\u00e1tico e popular\u201d. \u201cO objetivo do material \u00e9 trazer uma reflex\u00e3o sobre o papel do BB como uma institui\u00e7\u00e3o que que pode liderar um [&hellip;]<\/p>\n","protected":false},"author":2,"featured_media":13040,"comment_status":"","ping_status":"","sticky":false,"template":"","format":"standard","meta":{"footnotes":""},"categories":[3],"tags":[],"class_list":["post-13041","post","type-post","status-publish","format-standard","has-post-thumbnail","hentry","category-noticias"],"_links":{"self":[{"href":"https:\/\/hostnetart.com.br\/baixada\/wp-json\/wp\/v2\/posts\/13041","targetHints":{"allow":["GET"]}}],"collection":[{"href":"https:\/\/hostnetart.com.br\/baixada\/wp-json\/wp\/v2\/posts"}],"about":[{"href":"https:\/\/hostnetart.com.br\/baixada\/wp-json\/wp\/v2\/types\/post"}],"author":[{"embeddable":true,"href":"https:\/\/hostnetart.com.br\/baixada\/wp-json\/wp\/v2\/users\/2"}],"replies":[{"embeddable":true,"href":"https:\/\/hostnetart.com.br\/baixada\/wp-json\/wp\/v2\/comments?post=13041"}],"version-history":[{"count":0,"href":"https:\/\/hostnetart.com.br\/baixada\/wp-json\/wp\/v2\/posts\/13041\/revisions"}],"wp:featuredmedia":[{"embeddable":true,"href":"https:\/\/hostnetart.com.br\/baixada\/wp-json\/wp\/v2\/media\/13040"}],"wp:attachment":[{"href":"https:\/\/hostnetart.com.br\/baixada\/wp-json\/wp\/v2\/media?parent=13041"}],"wp:term":[{"taxonomy":"category","embeddable":true,"href":"https:\/\/hostnetart.com.br\/baixada\/wp-json\/wp\/v2\/categories?post=13041"},{"taxonomy":"post_tag","embeddable":true,"href":"https:\/\/hostnetart.com.br\/baixada\/wp-json\/wp\/v2\/tags?post=13041"}],"curies":[{"name":"wp","href":"https:\/\/api.w.org\/{rel}","templated":true}]}}