{"id":1304,"date":"2014-05-26T00:00:00","date_gmt":"2014-05-26T03:00:00","guid":{"rendered":"https:\/\/hostnetart.com.br\/baixada\/chapa-1-apoiada-pela-contraf-vence-eleicao-do-sindicato-de-porto-alegre\/"},"modified":"2014-05-26T00:00:00","modified_gmt":"2014-05-26T03:00:00","slug":"chapa-1-apoiada-pela-contraf-vence-eleicao-do-sindicato-de-porto-alegre","status":"publish","type":"post","link":"https:\/\/hostnetart.com.br\/baixada\/chapa-1-apoiada-pela-contraf-vence-eleicao-do-sindicato-de-porto-alegre\/","title":{"rendered":"Chapa 1, apoiada pela Contraf, vence elei\u00e7\u00e3o do Sindicato de Porto Alegre"},"content":{"rendered":"<p>A Chapa 1 \u2013 Juntos Somos Fortes, apoiada pela Contraf-CUT, venceu a elei\u00e7\u00e3o do Sindicato dos Banc\u00e1rios de Porto Alegre para a gest\u00e3o no tri\u00eanio 2014-2017. Encabe\u00e7ada pelo funcion\u00e1rio do Bradesco e atual diretor de Comunica\u00e7\u00e3o do Sindicato, Everton Gimenis, a diretoria eleita ganhou 3.957 votos (62,24% dos v\u00e1lidos). A Chapa 2 \u2013 Novo Rumo nos banc@rios, obteve 2.401 votos (37,76% dos v\u00e1lidos). O resultado consagra a vit\u00f3ria da chapa de situa\u00e7\u00e3o.<\/p>\n<p>O processo de apura\u00e7\u00e3o, iniciado logo ap\u00f3s o encerramento da vota\u00e7\u00e3o na quinta-feira (22), \u00e0s 17h, s\u00f3 terminou \u00e0s 23h desta sexta (23), no audit\u00f3rio da Casa dos Banc\u00e1rios, o que representou 30 horas, a mais longa apura\u00e7\u00e3o na hist\u00f3ria do Sindicato. No total foram 6.358 votos v\u00e1lidos, coletados entre ter\u00e7a (19) e quinta em 28 urnas na base territorial da entidade, que inclui 15 munic\u00edpios da Regi\u00e3o Metropolitana de Porto Alegre.<\/p>\n<p><strong>Baita vit\u00f3ria<\/strong><\/p>\n<p>\u201cParab\u00e9ns aos companheiros e \u00e0s companheiras da Chapa 1. Esse resultado coroa todo o processo democr\u00e1tico que teve intensa participa\u00e7\u00e3o da categoria. Trata-se de uma baita vit\u00f3ria n\u00e3o somente para os banc\u00e1rios de Porto Alegre como tamb\u00e9m de todo o Brasil, refor\u00e7ando a constru\u00e7\u00e3o da unidade nacional da categoria com ousadia e mobiliza\u00e7\u00e3o \u201c, comemora o presidente da Contraf-CUT, Carlos Cordeiro, que acompanhou as primeiras horas da apura\u00e7\u00e3o.<\/p>\n<p>\u201cCom a vit\u00f3ria da Chapa 1, o Sindicato que \u00e9 um dos mais importantes do pa\u00eds avan\u00e7a firme na democracia e na participa\u00e7\u00e3o e fortalece a unidade nacional, contribuindo para intensificar a luta da categoria e da classe trabalhadora no rumo certo para novas conquistas econ\u00f4micas e sociais\u201d, salienta Cordeiro.<\/p>\n<p>O presidente eleito do Sindicato exaltou a ampla e incontest\u00e1vel vit\u00f3ria nas urnas. \u201cNosso trabalho \u00e0 frente do SindBanc\u00e1rios n\u00e3o come\u00e7ou nesta semana de elei\u00e7\u00e3o nem no m\u00eas passado. Essa consagra\u00e7\u00e3o \u00e9 fruto do reconhecimento e da confian\u00e7a depositada por uma categoria que quer ver seus dirigentes sindicais na luta por conquistas salariais, direitos e prote\u00e7\u00e3o. Os banc\u00e1rios da nossa base, tanto de bancos p\u00fablicos e privados, mostraram que sabem diferenciar muito bem aqueles que promovem a unidade e fortalecem a categoria de quem \u00e9 aventureiro e aposta na divis\u00e3o\u201d, disse Gimenis.<\/p>\n<p>O atual presidente do Sindicato, Mauro Salles, disse que a vit\u00f3ria reafirma um projeto, que n\u00e3o apenas inovou a gest\u00e3o do Sindicato como ampliou a participa\u00e7\u00e3o da categoria. \u201cN\u00f3s constru\u00edmos a Casa dos Banc\u00e1rios. E hoje demos uma resposta a um pleito que os nosso advers\u00e1rios apostaram numa estrat\u00e9gia de desgaste da entidade junto \u00e0 categoria. A resposta veio \u00e0 altura nas urnas numa vit\u00f3ria incontest\u00e1vel e merecida por toda a nossa diretoria\u201d, comemorou.<\/p>\n<p>O presidente da Comiss\u00e3o Eleitoral e diretor da Fetrafi-RS, Arnoni Hanke, exaltou o cumprimento de um processo rigoroso de confer\u00eancia e valida\u00e7\u00e3o dos votos e a confirma\u00e7\u00e3o da total lisura da elei\u00e7\u00e3o. \u201cDesde a assembleia que elegeu a Comiss\u00e3o Eleitoral, em mar\u00e7o, cumprimos \u00e0 risca toda a exig\u00eancia legal e estatut\u00e1ria que rege o processo eleitoral no SindBanc\u00e1rios. Consideramos que o trabalho saiu vitorioso porque conseguimos preservar o poder de decis\u00e3o que as urnas tradicionalmente t\u00eam na nossa categoria. A luta dos trabalhadores n\u00e3o pode ser decidida no Judici\u00e1rio, mas com os trabalhadores demonstrando a vontade leg\u00edtima de participar da luta\u201d, avaliou Arnoni.<\/p>\n<p>O presidente da CUT-RS, Claudio Nespolo, destacou a lisura do pleito e o exemplo de hist\u00f3ria de luta constru\u00edda pelo SindBanc\u00e1rios. \u201cEsta vit\u00f3ria no pleito \u00e9 muito significativa. Mostra mais uma vez que a CUT \u00e9 a central mais representativa da luta. Apesar da campanha dos advers\u00e1rios tentar apresentar-se como um suposto novo, as urnas mostraram que este suposto novo \u00e9 envelhecido. Trata-se de um sindicalismo de muita gritaria. O novo que eles apresentam n\u00e3o \u00e9 t\u00e3o novo assim\u201d, disse Nespolo.<\/p>\n<p>A diretoria eleita assumir\u00e1 a nova gest\u00e3o em agosto, em data ainda a ser marcada.<\/p>\n<p><strong>Confira o resultado da elei\u00e7\u00e3o<\/strong><\/p>\n<p>Chapa 1: 3.957 (62,2% dos votos v\u00e1lidos)<br \/>Chapa 2: 2.401 (37,76% dos votos v\u00e1lidos)<br \/>Brancos: 75<br \/>Nulos: 46<br \/>Total de votos v\u00e1lidos: 6.358<br \/>Diferen\u00e7a: 1.556<\/p>\n<p><strong>Confira a diretoria eleita do Sindicato:<\/strong><\/p>\n<p><strong>Diretoria Executiva \u2013 Titulares<\/strong><\/p>\n<p>Presidente: Everton de Morais Gimenis (Bradesco). Secret\u00e1ria-geral: Rachel de Araujo Weber (Caixa). Diretor Financeiro: Fl\u00e1vio Jos\u00e9 Pastoriz (Banco do Brasil). Diretor Administrativo: Ronaldo Brum Gonzales (Santander). Diretora de Comunica\u00e7\u00e3o: Ana Lucia Soares Guimaraens (Banrisul). Diretora Jur\u00eddica: Geovana da Silva Freitas (Bradesco). Diretora de Rela\u00e7\u00f5es Sindicais e Organiza\u00e7\u00e3o de Base: Milena de C\u00e1ssia Silva de Oliveira (Banrisul). Diretor de Cultura, Esportes e Lazer: Tiago Vasconcellos Pedroso (Caixa). Diretor de Sa\u00fade e Condi\u00e7\u00f5es de Trabalho: Eduardo Munhoz Baptista (Ita\u00fa). Diretor de Pol\u00edticas Sociais e Cidadania: Rog\u00e9rio de Rodrigues Rodrigues (Banco do Brasil). Diretor de Aposentados e Seguridade Social: Guaracy Padilla Gon\u00e7alves (Caixa). Diretor de Forma\u00e7\u00e3o: Julio Cesar Soares Vivian (Banco do Brasil). Diretor de Financeiras e Terceirizadas: Carlos Eduardo Bobsin (Banrisul).<\/p>\n<p><strong>Diretoria Executiva<\/strong>\u00a0&#8211;\u00a0<strong>Suplentes\u00a0<\/strong><\/p>\n<p>Luis Gustavo Vargas Soares (Bradesco); Natalina Rosane Gu\u00e9 (Santander); L\u00facio Mauro Paz Barros (HSBC); Gilnei Vestfal (Bradesco); Luciano Fetzner Barcellos (Banrisul); Edson Ramos da Rocha (Bradesco); Paulo Roberto Stekel (Santander); Marilene Bruza S\u00e1 (Banrisul); Carlos Rog\u00e9rio Teixeira (Banrisul); M\u00e1rcia Carvalho da Silva (Banrisul); Claudete Genu\u00edno Marocco (Banrisul); Jailson Bueno Prodes (Caixa).<\/p>\n<p><strong>Diretoria de Apoio<\/strong><\/p>\n<p>Mauro Salles Machado (Santander); Sandro Artur Ferreira Rodrigues (Ita\u00fa); Ademir Jos\u00e9 Wiederkehr (Santander); M\u00e1rcia Dresch de Oliveira (Banrisul); C\u00e1tia Cilene Nobre Nunes (Ita\u00fa); Cezar Augusto Vieira de Oliveira (Banrisul); Ernesto Humberto dos Santos (Ita\u00fa); Jos\u00e9 Orlando Ribeiro (HSBC); Vitor Luiz da Silva Moreira (Banrisul); Antonio Augusto Borges de Borges (Ita\u00fa); Ida Jaqueline Pellegrino (Santander); Fabiano Beneduzi (Banco do Brasil); Marcelo Ferreyro Paladin (Bradesco); Virginia Maria de Faria Jorge (Caixa); Nilton Correa Gomes (Bradesco); Daniela Silva de Sousa (Ita\u00fa); Eroni Batista Ribeiro (Banrisul); Carmen L\u00facia Guedes (Santander).<\/p>\n<p><strong>Conselho Fiscal<\/strong>\u00a0&#8211;\u00a0<strong>Titulares<\/strong><\/p>\n<p>Celio Romeu dos Santos (Ita\u00fa); Volmar da Rocha Delgado (Caixa); Jairo Severo Soares (Ita\u00fa); Vagner Kobe Braga (Caixa); Fabio Moraes Dallanhese (Banrisul).<\/p>\n<p><strong>Conselho Fiscal<\/strong>\u00a0&#8211;\u00a0<strong>Suplentes<\/strong><\/p>\n<p>Luiz Carlos Cassemiro (Santander); Fernanda Umsza (Banrisul); Jorge Luis Consminski Lucas (HSBC); Pedro Luiz Maciel Alves da Silva (Banco Mercantil do Brasil); Ronaldo de Souza Gross (Bradesco).<\/p>\n<p>Fonte: Contraf-CUT com Seeb Porto Alegre<\/p>\n","protected":false},"excerpt":{"rendered":"<p>A Chapa 1 \u2013 Juntos Somos Fortes, apoiada pela Contraf-CUT, venceu a elei\u00e7\u00e3o do Sindicato dos Banc\u00e1rios de Porto Alegre para a gest\u00e3o no tri\u00eanio 2014-2017. Encabe\u00e7ada pelo funcion\u00e1rio do Bradesco e atual diretor de Comunica\u00e7\u00e3o do Sindicato, Everton Gimenis, a diretoria eleita ganhou 3.957 votos (62,24% dos v\u00e1lidos). A Chapa 2 \u2013 Novo Rumo [&hellip;]<\/p>\n","protected":false},"author":1,"featured_media":0,"comment_status":"","ping_status":"","sticky":false,"template":"","format":"standard","meta":{"footnotes":""},"categories":[3],"tags":[],"class_list":["post-1304","post","type-post","status-publish","format-standard","hentry","category-noticias"],"_links":{"self":[{"href":"https:\/\/hostnetart.com.br\/baixada\/wp-json\/wp\/v2\/posts\/1304","targetHints":{"allow":["GET"]}}],"collection":[{"href":"https:\/\/hostnetart.com.br\/baixada\/wp-json\/wp\/v2\/posts"}],"about":[{"href":"https:\/\/hostnetart.com.br\/baixada\/wp-json\/wp\/v2\/types\/post"}],"author":[{"embeddable":true,"href":"https:\/\/hostnetart.com.br\/baixada\/wp-json\/wp\/v2\/users\/1"}],"replies":[{"embeddable":true,"href":"https:\/\/hostnetart.com.br\/baixada\/wp-json\/wp\/v2\/comments?post=1304"}],"version-history":[{"count":0,"href":"https:\/\/hostnetart.com.br\/baixada\/wp-json\/wp\/v2\/posts\/1304\/revisions"}],"wp:attachment":[{"href":"https:\/\/hostnetart.com.br\/baixada\/wp-json\/wp\/v2\/media?parent=1304"}],"wp:term":[{"taxonomy":"category","embeddable":true,"href":"https:\/\/hostnetart.com.br\/baixada\/wp-json\/wp\/v2\/categories?post=1304"},{"taxonomy":"post_tag","embeddable":true,"href":"https:\/\/hostnetart.com.br\/baixada\/wp-json\/wp\/v2\/tags?post=1304"}],"curies":[{"name":"wp","href":"https:\/\/api.w.org\/{rel}","templated":true}]}}