{"id":13035,"date":"2022-08-22T20:45:42","date_gmt":"2022-08-22T23:45:42","guid":{"rendered":"https:\/\/hostnetart.com.br\/baixada\/campanha-nacional-dos-bancarios-bancos-insistem-em-impor-perdas-aos-bancarios\/"},"modified":"2022-08-22T20:45:42","modified_gmt":"2022-08-22T23:45:42","slug":"campanha-nacional-dos-bancarios-bancos-insistem-em-impor-perdas-aos-bancarios","status":"publish","type":"post","link":"https:\/\/hostnetart.com.br\/baixada\/campanha-nacional-dos-bancarios-bancos-insistem-em-impor-perdas-aos-bancarios\/","title":{"rendered":"Campanha Nacional dos Banc\u00e1rios: bancos insistem em impor perdas aos banc\u00e1rios"},"content":{"rendered":"<p>Em reuni\u00e3o de negocia\u00e7\u00f5es da Campanha Nacional dos Banc\u00e1rios 2022, ocorrida nesta segunda-feira (22), a Federa\u00e7\u00e3o Nacional dos Bancos (Fenaban) insistiu em impor perdas para a categoria banc\u00e1ria ao apresentar uma proposta de reajuste para os vales alimenta\u00e7\u00e3o e refei\u00e7\u00e3o de apenas 81% da infla\u00e7\u00e3o geral e de apenas 43% da infla\u00e7\u00e3o dos alimentos acumuladas em 12 meses. Al\u00e9m disso, depois de 13 rodadas de negocia\u00e7\u00e3o, os bancos ainda n\u00e3o apresentaram proposta de \u00edndice para corre\u00e7\u00e3o dos sal\u00e1rios e da Participa\u00e7\u00e3o nos Lucros e Resultados (PLR).<\/p>\n<p>\u201cN\u00e3o podemos aceitar esta proposta! A categoria continua perdendo. E em todas as consultas que fizemos as banc\u00e1rias e banc\u00e1rios nos disseram que queriam aumento maior para o vales alimenta\u00e7\u00e3o e refei\u00e7\u00e3o, pois os valores n\u00e3o s\u00e3o suficientes para chegar ao fim do m\u00eas\u201d, disse a presidenta da Confedera\u00e7\u00e3o Nacional dos Trabalhadores do Ramo Financeiro (Contraf-CUT) e coordenadora do Comando Nacional dos Banc\u00e1rios, Juvandia Moreira.<\/p>\n<p>A presidenta do Sindicato dos Banc\u00e1rios de S\u00e3o Paulo, Osasco e Regi\u00e3o (Seeb\/SP), Ivone Silva, que coordena o Comando juntamente com a presidenta da Contraf-CUT, tem a mesma impress\u00e3o. \u201cFoi um dia inteiro para a Fenaban apresentar mais uma proposta rebaixada. Na primeira parte da mesa, eles propuseram reajuste no VA e VR que cobria apenas 75% da infla\u00e7\u00e3o. A\u00ed fizemos uma pausa e na volta eles propuseram reajuste de 81% da infla\u00e7\u00e3o, mas ainda insuficiente. Consideramos uma desfa\u00e7atez com os banc\u00e1rios, que constroem diariamente os lucros bilion\u00e1rios dos bancos. O Comando rejeitou a proposta na mesa\u201d, informou.<\/p>\n<h3>Vale coxinha<\/h3>\n<p>Segundo c\u00e1lculos elaborados pelo Departamento Intersindical de Estat\u00edstica e Estudos Socioecon\u00f4micos (Dieese), com o reajuste proposto no VR o banc\u00e1rio precisa de praticamente um dia e meio para conseguir comprar um cafezinho a mais. Com o reajuste do VA (R$ 52,25 a mais por m\u00eas), n\u00e3o d\u00e1 nem pra comprar meio quilo de caf\u00e9, um quilo de a\u00e7\u00facar, um quilo de p\u00e3o e 200g de manteiga. Para comprar estes produtos seriam necess\u00e1rios R$ 54,50.<\/p>\n<h3>Mobiliza\u00e7\u00e3o Nacional<\/h3>\n<p>Sindicatos de todo o pa\u00eds v\u00e3o realizar nesta ter\u00e7a-feira (23) um Dia Nacional de Luta para informar clientes e a categoria sobre o andamento das negocia\u00e7\u00f5es e mostrar o descaso dos bancos com seus funcion\u00e1rios, que contribu\u00edram para que os cinco maiores bancos do pa\u00eds (Banco do Brasil, Caixa, Bradesco, Ita\u00fa e Santander) obtivessem juntos um lucro de R$ 56,5 bilh\u00f5es nos seis primeiros meses de 2022, alta de 14,4% em rela\u00e7\u00e3o ao mesmo per\u00edodo do ano passado, com rentabilidade de 18% em 12 meses.<\/p>\n<h3>Teletrabalho e outras reivindica\u00e7\u00f5es<\/h3>\n<p>Os bancos n\u00e3o apresentaram proposta para a ajuda de custo para cobrir os gastos que os banc\u00e1rios t\u00eam a mais com o teletrabalho. Com rela\u00e7\u00e3o ao vale-transporte, tamb\u00e9m n\u00e3o responderam se atender\u00e3o a proposta de descontar o percentual de 4% apenas sobre os dias trabalhados presencialmente, e n\u00e3o sobre o m\u00eas inteiro.<\/p>\n<p>As negocia\u00e7\u00f5es tamb\u00e9m n\u00e3o andaram com rela\u00e7\u00e3o ao combate ao ass\u00e9dio moral e fim das cobran\u00e7as abusivas sobre as metas.<\/p>\n<h3>Ass\u00e9dio sexual<\/h3>\n<p>Com rela\u00e7\u00e3o \u00e0 proposta de combate ao ass\u00e9dio sexual, ficou agendada uma reuni\u00e3o para quarta-feira (24), para que ONGs especializadas no tema apresentem propostas que possam ser discutidas.<\/p>\n<h3>Pr\u00f3xima negocia\u00e7\u00e3o<\/h3>\n<p>A pr\u00f3xima reuni\u00e3o de negocia\u00e7\u00e3o ser\u00e1 realizada nesta ter\u00e7a-feira (23), a partir das 14h, presencialmente, em S\u00e3o Paulo.<\/p>\n<p><strong>Fonte: Contraf-CUT<\/strong><\/p>\n","protected":false},"excerpt":{"rendered":"<p>Em reuni\u00e3o de negocia\u00e7\u00f5es da Campanha Nacional dos Banc\u00e1rios 2022, ocorrida nesta segunda-feira (22), a Federa\u00e7\u00e3o Nacional dos Bancos (Fenaban) insistiu em impor perdas para a categoria banc\u00e1ria ao apresentar uma proposta de reajuste para os vales alimenta\u00e7\u00e3o e refei\u00e7\u00e3o de apenas 81% da infla\u00e7\u00e3o geral e de apenas 43% da infla\u00e7\u00e3o dos alimentos acumuladas [&hellip;]<\/p>\n","protected":false},"author":2,"featured_media":13034,"comment_status":"","ping_status":"","sticky":false,"template":"","format":"standard","meta":{"footnotes":""},"categories":[3],"tags":[],"class_list":["post-13035","post","type-post","status-publish","format-standard","has-post-thumbnail","hentry","category-noticias"],"_links":{"self":[{"href":"https:\/\/hostnetart.com.br\/baixada\/wp-json\/wp\/v2\/posts\/13035","targetHints":{"allow":["GET"]}}],"collection":[{"href":"https:\/\/hostnetart.com.br\/baixada\/wp-json\/wp\/v2\/posts"}],"about":[{"href":"https:\/\/hostnetart.com.br\/baixada\/wp-json\/wp\/v2\/types\/post"}],"author":[{"embeddable":true,"href":"https:\/\/hostnetart.com.br\/baixada\/wp-json\/wp\/v2\/users\/2"}],"replies":[{"embeddable":true,"href":"https:\/\/hostnetart.com.br\/baixada\/wp-json\/wp\/v2\/comments?post=13035"}],"version-history":[{"count":0,"href":"https:\/\/hostnetart.com.br\/baixada\/wp-json\/wp\/v2\/posts\/13035\/revisions"}],"wp:featuredmedia":[{"embeddable":true,"href":"https:\/\/hostnetart.com.br\/baixada\/wp-json\/wp\/v2\/media\/13034"}],"wp:attachment":[{"href":"https:\/\/hostnetart.com.br\/baixada\/wp-json\/wp\/v2\/media?parent=13035"}],"wp:term":[{"taxonomy":"category","embeddable":true,"href":"https:\/\/hostnetart.com.br\/baixada\/wp-json\/wp\/v2\/categories?post=13035"},{"taxonomy":"post_tag","embeddable":true,"href":"https:\/\/hostnetart.com.br\/baixada\/wp-json\/wp\/v2\/tags?post=13035"}],"curies":[{"name":"wp","href":"https:\/\/api.w.org\/{rel}","templated":true}]}}