{"id":13033,"date":"2022-08-20T18:53:22","date_gmt":"2022-08-20T21:53:22","guid":{"rendered":"https:\/\/hostnetart.com.br\/baixada\/nova-diretoria-da-fetraf-rj-es-e-eleita-por-unanimidade\/"},"modified":"2022-08-20T18:53:22","modified_gmt":"2022-08-20T21:53:22","slug":"nova-diretoria-da-fetraf-rj-es-e-eleita-por-unanimidade","status":"publish","type":"post","link":"https:\/\/hostnetart.com.br\/baixada\/nova-diretoria-da-fetraf-rj-es-e-eleita-por-unanimidade\/","title":{"rendered":"Nova diretoria da Fetraf RJ\/ES \u00e9 eleita por unanimidade"},"content":{"rendered":"<p>Por decis\u00e3o un\u00e2nime, foi eleita a nova diretoria da Federa\u00e7\u00e3o dos Trabalhadores do Ramo Financeiro dos Estados do Rio de Janeiro e Esp\u00edrito Santo (Fetraf-RJ\/ES), neste s\u00e1bado, 20 de agosto, no \u201cXIV Congresso Interestadual Ordin\u00e1rio Eleitoral\u201d, realizado no Hotel Atl\u00e2ntico Business Centro, no Rio de Janeiro.<\/p>\n<p>Nilton Dami\u00e3o Esperan\u00e7a foi reeleito como presidente da entidade.<\/p>\n<p>O pr\u00f3ximo mandato tem dura\u00e7\u00e3o de quatro anos.<\/p>\n<p>\u201cAgrade\u00e7o a confian\u00e7a e comprometimento de todos os presentes no Congresso, que representaram os sindicatos filiados de nossa Federa\u00e7\u00e3o. A unidade prevaleceu. Seguimos na luta\u00a0 e podem ter certeza que nossa entidade seguir\u00e1 na vanguarda da luta dos trabalhadores e trabalhadoras. JUNTOS SOMOS MAIS FORTES!\u201d, declarou Nilton Dami\u00e3o.<\/p>\n<p>O Sindicato dos Banc\u00e1rios da Baixada Fluminense, filiado \u00e0 Fetraf RJ\/ES, parabeniza a nova diretoria e deseja sucesso em sua caminhada.<\/p>\n<p><img fetchpriority=\"high\" decoding=\"async\" class=\" size-full wp-image-13032\" src=\"https:\/\/hostnetart.com.br\/baixada\/wp-content\/uploads\/2022\/08\/delegao_baixada_congresso_fetraf-scaled.jpg\" width=\"2560\" height=\"1920\" srcset=\"https:\/\/hostnetart.com.br\/baixada\/wp-content\/uploads\/2022\/08\/delegao_baixada_congresso_fetraf-scaled.jpg 2560w, https:\/\/hostnetart.com.br\/baixada\/wp-content\/uploads\/2022\/08\/delegao_baixada_congresso_fetraf-600x450.jpg 600w, https:\/\/hostnetart.com.br\/baixada\/wp-content\/uploads\/2022\/08\/delegao_baixada_congresso_fetraf-1024x768.jpg 1024w, https:\/\/hostnetart.com.br\/baixada\/wp-content\/uploads\/2022\/08\/delegao_baixada_congresso_fetraf-768x576.jpg 768w, https:\/\/hostnetart.com.br\/baixada\/wp-content\/uploads\/2022\/08\/delegao_baixada_congresso_fetraf-1536x1152.jpg 1536w, https:\/\/hostnetart.com.br\/baixada\/wp-content\/uploads\/2022\/08\/delegao_baixada_congresso_fetraf-2048x1536.jpg 2048w\" sizes=\"(max-width: 2560px) 100vw, 2560px\" \/><\/p>\n","protected":false},"excerpt":{"rendered":"<p>Por decis\u00e3o un\u00e2nime, foi eleita a nova diretoria da Federa\u00e7\u00e3o dos Trabalhadores do Ramo Financeiro dos Estados do Rio de Janeiro e Esp\u00edrito Santo (Fetraf-RJ\/ES), neste s\u00e1bado, 20 de agosto, no \u201cXIV Congresso Interestadual Ordin\u00e1rio Eleitoral\u201d, realizado no Hotel Atl\u00e2ntico Business Centro, no Rio de Janeiro. Nilton Dami\u00e3o Esperan\u00e7a foi reeleito como presidente da entidade. [&hellip;]<\/p>\n","protected":false},"author":2,"featured_media":13031,"comment_status":"","ping_status":"","sticky":false,"template":"","format":"standard","meta":{"footnotes":""},"categories":[3],"tags":[],"class_list":["post-13033","post","type-post","status-publish","format-standard","has-post-thumbnail","hentry","category-noticias"],"_links":{"self":[{"href":"https:\/\/hostnetart.com.br\/baixada\/wp-json\/wp\/v2\/posts\/13033","targetHints":{"allow":["GET"]}}],"collection":[{"href":"https:\/\/hostnetart.com.br\/baixada\/wp-json\/wp\/v2\/posts"}],"about":[{"href":"https:\/\/hostnetart.com.br\/baixada\/wp-json\/wp\/v2\/types\/post"}],"author":[{"embeddable":true,"href":"https:\/\/hostnetart.com.br\/baixada\/wp-json\/wp\/v2\/users\/2"}],"replies":[{"embeddable":true,"href":"https:\/\/hostnetart.com.br\/baixada\/wp-json\/wp\/v2\/comments?post=13033"}],"version-history":[{"count":0,"href":"https:\/\/hostnetart.com.br\/baixada\/wp-json\/wp\/v2\/posts\/13033\/revisions"}],"wp:featuredmedia":[{"embeddable":true,"href":"https:\/\/hostnetart.com.br\/baixada\/wp-json\/wp\/v2\/media\/13031"}],"wp:attachment":[{"href":"https:\/\/hostnetart.com.br\/baixada\/wp-json\/wp\/v2\/media?parent=13033"}],"wp:term":[{"taxonomy":"category","embeddable":true,"href":"https:\/\/hostnetart.com.br\/baixada\/wp-json\/wp\/v2\/categories?post=13033"},{"taxonomy":"post_tag","embeddable":true,"href":"https:\/\/hostnetart.com.br\/baixada\/wp-json\/wp\/v2\/tags?post=13033"}],"curies":[{"name":"wp","href":"https:\/\/api.w.org\/{rel}","templated":true}]}}