{"id":13030,"date":"2022-08-19T03:33:28","date_gmt":"2022-08-19T06:33:28","guid":{"rendered":"https:\/\/hostnetart.com.br\/baixada\/comeca-hoje-19-o-xiv-congresso-interestadual-ordinario-eleitoral-da-fetraf-rj-es\/"},"modified":"2022-08-19T03:33:28","modified_gmt":"2022-08-19T06:33:28","slug":"comeca-hoje-19-o-xiv-congresso-interestadual-ordinario-eleitoral-da-fetraf-rj-es","status":"publish","type":"post","link":"https:\/\/hostnetart.com.br\/baixada\/comeca-hoje-19-o-xiv-congresso-interestadual-ordinario-eleitoral-da-fetraf-rj-es\/","title":{"rendered":"Come\u00e7a hoje (19) o \u201cXIV Congresso Interestadual Ordin\u00e1rio Eleitoral\u201d da Fetraf RJ\/ES"},"content":{"rendered":"<p>Come\u00e7a nesta sexta-feira, 19 de agosto, e vai at\u00e9 amanh\u00e3, s\u00e1bado (20), o \u201cXIV Congresso Interestadual Ordin\u00e1rio Eleitoral\u201d da Federac\u0327a\u0303o dos Trabalhadores do Ramo Financeiro dos Estados do Rio de Janeiro e Espi\u0301rito Santo (Fetraf RJ\/ES), da qual o Sindicato dos Banc\u00e1rios da Baixada Fluminense \u00e9 filiado.<\/p>\n<p>O evento ser\u00e1 realizado no Hotel Atl\u00e2ntico Business Centro, no Rio de Janeiro, e os delegados e delegadas, eleitas em seus Sindicatos, definir\u00e3o:<\/p>\n<p><strong>\u2013 Nova Diretoria Executiva;<\/strong><\/p>\n<p><strong>\u2013 Nova Diretoria do Conselho Fiscal;<\/strong><\/p>\n<p><strong>\u2013 Representantes da Federa\u00e7\u00e3o nas entidades de Grau Superior (efetivos e suplentes);<\/strong><\/p>\n<p><strong>\u2013 Nova Diretoria da Comiss\u00e3o de \u00c9tica.<\/strong><\/p>\n<p>Al\u00e9m destas defini\u00e7\u00f5es, debater\u00e3o tamb\u00e9m os crit\u00e9rios de participa\u00e7\u00e3o nos cargos eletivos da Federa\u00e7\u00e3o; o papel da Fetraf RJ\/ES e de seus dirigentes; e os compromissos a serem assumidos pela nova gest\u00e3o.<\/p>\n<p>O pr\u00f3ximo mandato ter\u00e1 dura\u00e7\u00e3o de quatro anos: 2022 a 2026.<\/p>\n<p>Juvandia Moreira, Presidenta da Confedera\u00e7\u00e3o Nacional dos Trabalhadores do Ramo Financeiro (Contraf-CUT), e Maria Eduarda Quiroga, Presidenta em exerc\u00edcio da Central \u00danica dos Trabalhadores do Rio de Janeiro, participar\u00e3o da abertura do evento.<\/p>\n<p><strong>Fonte: Fetraf RJ\/ES<\/strong><\/p>\n","protected":false},"excerpt":{"rendered":"<p>Come\u00e7a nesta sexta-feira, 19 de agosto, e vai at\u00e9 amanh\u00e3, s\u00e1bado (20), o \u201cXIV Congresso Interestadual Ordin\u00e1rio Eleitoral\u201d da Federac\u0327a\u0303o dos Trabalhadores do Ramo Financeiro dos Estados do Rio de Janeiro e Espi\u0301rito Santo (Fetraf RJ\/ES), da qual o Sindicato dos Banc\u00e1rios da Baixada Fluminense \u00e9 filiado. O evento ser\u00e1 realizado no Hotel Atl\u00e2ntico Business [&hellip;]<\/p>\n","protected":false},"author":2,"featured_media":13029,"comment_status":"","ping_status":"","sticky":false,"template":"","format":"standard","meta":{"footnotes":""},"categories":[3],"tags":[],"class_list":["post-13030","post","type-post","status-publish","format-standard","has-post-thumbnail","hentry","category-noticias"],"_links":{"self":[{"href":"https:\/\/hostnetart.com.br\/baixada\/wp-json\/wp\/v2\/posts\/13030","targetHints":{"allow":["GET"]}}],"collection":[{"href":"https:\/\/hostnetart.com.br\/baixada\/wp-json\/wp\/v2\/posts"}],"about":[{"href":"https:\/\/hostnetart.com.br\/baixada\/wp-json\/wp\/v2\/types\/post"}],"author":[{"embeddable":true,"href":"https:\/\/hostnetart.com.br\/baixada\/wp-json\/wp\/v2\/users\/2"}],"replies":[{"embeddable":true,"href":"https:\/\/hostnetart.com.br\/baixada\/wp-json\/wp\/v2\/comments?post=13030"}],"version-history":[{"count":0,"href":"https:\/\/hostnetart.com.br\/baixada\/wp-json\/wp\/v2\/posts\/13030\/revisions"}],"wp:featuredmedia":[{"embeddable":true,"href":"https:\/\/hostnetart.com.br\/baixada\/wp-json\/wp\/v2\/media\/13029"}],"wp:attachment":[{"href":"https:\/\/hostnetart.com.br\/baixada\/wp-json\/wp\/v2\/media?parent=13030"}],"wp:term":[{"taxonomy":"category","embeddable":true,"href":"https:\/\/hostnetart.com.br\/baixada\/wp-json\/wp\/v2\/categories?post=13030"},{"taxonomy":"post_tag","embeddable":true,"href":"https:\/\/hostnetart.com.br\/baixada\/wp-json\/wp\/v2\/tags?post=13030"}],"curies":[{"name":"wp","href":"https:\/\/api.w.org\/{rel}","templated":true}]}}