{"id":13028,"date":"2022-08-19T03:21:22","date_gmt":"2022-08-19T06:21:22","guid":{"rendered":"https:\/\/hostnetart.com.br\/baixada\/bancarios-fazem-dia-nacional-de-luta-nesta-sexta-feira-19\/"},"modified":"2022-08-19T03:21:22","modified_gmt":"2022-08-19T06:21:22","slug":"bancarios-fazem-dia-nacional-de-luta-nesta-sexta-feira-19","status":"publish","type":"post","link":"https:\/\/hostnetart.com.br\/baixada\/bancarios-fazem-dia-nacional-de-luta-nesta-sexta-feira-19\/","title":{"rendered":"Banc\u00e1rios fazem Dia Nacional de Luta nesta sexta-feira (19)"},"content":{"rendered":"<p>Banc\u00e1rios e banc\u00e1rias realizam, nesta sexta-feira (19), um dia Nacional de Luta para cobrar da Federa\u00e7\u00e3o Nacional dos Bancos (Fenaban) a entrega da proposta geral. A entidade que representa os banqueiros est\u00e1 com a pauta de reivindica\u00e7\u00f5es dos trabalhadores, para a Conven\u00e7\u00e3o Coletiva do Trabalho (CCT) da categoria 2022\/2023, h\u00e1 mais de dois meses.<\/p>\n<p>As mobiliza\u00e7\u00f5es v\u00e3o ocorrer nas ruas e no ambiente on-line, com manifesta\u00e7\u00f5es nas redes sociais das 9h \u00e0s 10h. O Comando Nacional orienta o uso da hashtag #T\u00e1EsperandoOQu\u00ea? e a marca\u00e7\u00e3o da Febraban (@Febraban) nas postagens.<\/p>\n<p>A categoria cobra uma atualiza\u00e7\u00e3o da CCT condizente com os esfor\u00e7os dos milhares de trabalhadores e trabalhadoras que contribuem, todos os anos, para que o sistema banc\u00e1rio mantenha seus altos lucros.<\/p>\n<p>Entre as principais reivindica\u00e7\u00f5es est\u00e3o aumento real para os sal\u00e1rios e para as demais verbas com base na infla\u00e7\u00e3o do per\u00edodo entre 1\u00ba de setembro de 2021 e 31 de agosto de 2022 (INPC); aumento maior para o VR e VA; garantia dos empregos; maior participa\u00e7\u00e3o de lucros e nos resultados; fim das metas abusivas; combate ao ass\u00e9dio moral; acompanhamento e tratamento de banc\u00e1rios com sequelas da covid-19 e jornada de quatro dias por semana.<\/p>\n<p>Fonte: Contraf-CUT<\/p>\n<p>\u00a0<\/p>\n","protected":false},"excerpt":{"rendered":"<p>Banc\u00e1rios e banc\u00e1rias realizam, nesta sexta-feira (19), um dia Nacional de Luta para cobrar da Federa\u00e7\u00e3o Nacional dos Bancos (Fenaban) a entrega da proposta geral. A entidade que representa os banqueiros est\u00e1 com a pauta de reivindica\u00e7\u00f5es dos trabalhadores, para a Conven\u00e7\u00e3o Coletiva do Trabalho (CCT) da categoria 2022\/2023, h\u00e1 mais de dois meses. As [&hellip;]<\/p>\n","protected":false},"author":2,"featured_media":13027,"comment_status":"","ping_status":"","sticky":false,"template":"","format":"standard","meta":{"footnotes":""},"categories":[3],"tags":[],"class_list":["post-13028","post","type-post","status-publish","format-standard","has-post-thumbnail","hentry","category-noticias"],"_links":{"self":[{"href":"https:\/\/hostnetart.com.br\/baixada\/wp-json\/wp\/v2\/posts\/13028","targetHints":{"allow":["GET"]}}],"collection":[{"href":"https:\/\/hostnetart.com.br\/baixada\/wp-json\/wp\/v2\/posts"}],"about":[{"href":"https:\/\/hostnetart.com.br\/baixada\/wp-json\/wp\/v2\/types\/post"}],"author":[{"embeddable":true,"href":"https:\/\/hostnetart.com.br\/baixada\/wp-json\/wp\/v2\/users\/2"}],"replies":[{"embeddable":true,"href":"https:\/\/hostnetart.com.br\/baixada\/wp-json\/wp\/v2\/comments?post=13028"}],"version-history":[{"count":0,"href":"https:\/\/hostnetart.com.br\/baixada\/wp-json\/wp\/v2\/posts\/13028\/revisions"}],"wp:featuredmedia":[{"embeddable":true,"href":"https:\/\/hostnetart.com.br\/baixada\/wp-json\/wp\/v2\/media\/13027"}],"wp:attachment":[{"href":"https:\/\/hostnetart.com.br\/baixada\/wp-json\/wp\/v2\/media?parent=13028"}],"wp:term":[{"taxonomy":"category","embeddable":true,"href":"https:\/\/hostnetart.com.br\/baixada\/wp-json\/wp\/v2\/categories?post=13028"},{"taxonomy":"post_tag","embeddable":true,"href":"https:\/\/hostnetart.com.br\/baixada\/wp-json\/wp\/v2\/tags?post=13028"}],"curies":[{"name":"wp","href":"https:\/\/api.w.org\/{rel}","templated":true}]}}