{"id":13026,"date":"2022-08-19T03:19:29","date_gmt":"2022-08-19T06:19:29","guid":{"rendered":"https:\/\/hostnetart.com.br\/baixada\/financiarios-reiniciam-negociacoes-da-campanha-nacional-2022\/"},"modified":"2022-08-19T03:19:29","modified_gmt":"2022-08-19T06:19:29","slug":"financiarios-reiniciam-negociacoes-da-campanha-nacional-2022","status":"publish","type":"post","link":"https:\/\/hostnetart.com.br\/baixada\/financiarios-reiniciam-negociacoes-da-campanha-nacional-2022\/","title":{"rendered":"Financi\u00e1rios reiniciam negocia\u00e7\u00f5es da Campanha Nacional 2022"},"content":{"rendered":"<p>Os representantes dos financi\u00e1rios, formados por membro do coletivo da Confedera\u00e7\u00e3o Nacional do Ramo Financeiro (Contraf-CUT), federa\u00e7\u00f5es e sindicatos, se reuniram com a Federa\u00e7\u00e3o Interestadual das Institui\u00e7\u00f5es de Cr\u00e9dito, Financiamento e Investimento (Fenacrefi), na tarde desta quarta-feira (17). A pauta de reivindica\u00e7\u00f5es dos trabalhadores da Campanha Nacional 2022 foi entregue \u00e0 Fenacrefi no dia 15 de junho.<\/p>\n<p>A reivindica\u00e7\u00e3o mais urgente dos trabalhadores foi a defini\u00e7\u00e3o de um calend\u00e1rio de negocia\u00e7\u00f5es. A Fenacrefi se comprometeu a verificar datas com as empresas e enviar sugest\u00f5es nos pr\u00f3ximos dias. A pr\u00f3xima reuni\u00e3o ficou pr\u00e9-marcada para quinta-feira (25). Os representantes dos financi\u00e1rios tamb\u00e9m reivindicaram transpar\u00eancia nos dados das empresas, quantas s\u00e3o e qual o n\u00famero de funcion\u00e1rios. \u201cPrecisamos saber quais s\u00e3o as empresas, quem representamos, por quem negociamos, pois sabemos que muita gente segue nossos acordos, mas n\u00e3o senta na mesa para negociar conosco. Queremos ser mais justos com a nossa representa\u00e7\u00e3o\u201d, afirmou o coordenador do Coletivo dos Financi\u00e1rios da Confedera\u00e7\u00e3o Nacional dos Trabalhadores do Ramo Financeiro (Contraf-CUT), Jair Alves.<\/p>\n<p>A representa\u00e7\u00e3o das financeiras tamb\u00e9m se comprometeu a trazer as propostas econ\u00f4micas de reajustes salariais e nos vales e o valor de Participa\u00e7\u00e3o nos Lucros e Resultados no pr\u00f3ximo encontro. \u201cLamentamos que a mesa de negocia\u00e7\u00e3o n\u00e3o tenha trazido avan\u00e7os, com os representantes patronais apresentando sua minuta, limitando direitos dos financi\u00e1rios\u201d, disse o secret\u00e1rio-geral da Contraf-CUT, Gustavo Tabatinga Jr.<\/p>\n<p>Na minuta de reivindica\u00e7\u00f5es patronais destaca-se altera\u00e7\u00f5es na PLR e nos aux\u00edlios creche e baba. \u201c\u201dN\u00f3s n\u00e3o podemos aceitar mudan\u00e7as que reduzam ou limitem nossos direitos, iremos resistir a esses ataques e lutar para defender os direitos da categoria. \u00c9 importante que os financi\u00e1rios se mobilizem. Bora ganhar esse jogo!\u201d, convocou Tabatinga.<\/p>\n<p><strong>Fonte: Contraf-CUT<\/strong><\/p>\n","protected":false},"excerpt":{"rendered":"<p>Os representantes dos financi\u00e1rios, formados por membro do coletivo da Confedera\u00e7\u00e3o Nacional do Ramo Financeiro (Contraf-CUT), federa\u00e7\u00f5es e sindicatos, se reuniram com a Federa\u00e7\u00e3o Interestadual das Institui\u00e7\u00f5es de Cr\u00e9dito, Financiamento e Investimento (Fenacrefi), na tarde desta quarta-feira (17). A pauta de reivindica\u00e7\u00f5es dos trabalhadores da Campanha Nacional 2022 foi entregue \u00e0 Fenacrefi no dia 15 [&hellip;]<\/p>\n","protected":false},"author":2,"featured_media":13025,"comment_status":"","ping_status":"","sticky":false,"template":"","format":"standard","meta":{"footnotes":""},"categories":[3],"tags":[],"class_list":["post-13026","post","type-post","status-publish","format-standard","has-post-thumbnail","hentry","category-noticias"],"_links":{"self":[{"href":"https:\/\/hostnetart.com.br\/baixada\/wp-json\/wp\/v2\/posts\/13026","targetHints":{"allow":["GET"]}}],"collection":[{"href":"https:\/\/hostnetart.com.br\/baixada\/wp-json\/wp\/v2\/posts"}],"about":[{"href":"https:\/\/hostnetart.com.br\/baixada\/wp-json\/wp\/v2\/types\/post"}],"author":[{"embeddable":true,"href":"https:\/\/hostnetart.com.br\/baixada\/wp-json\/wp\/v2\/users\/2"}],"replies":[{"embeddable":true,"href":"https:\/\/hostnetart.com.br\/baixada\/wp-json\/wp\/v2\/comments?post=13026"}],"version-history":[{"count":0,"href":"https:\/\/hostnetart.com.br\/baixada\/wp-json\/wp\/v2\/posts\/13026\/revisions"}],"wp:featuredmedia":[{"embeddable":true,"href":"https:\/\/hostnetart.com.br\/baixada\/wp-json\/wp\/v2\/media\/13025"}],"wp:attachment":[{"href":"https:\/\/hostnetart.com.br\/baixada\/wp-json\/wp\/v2\/media?parent=13026"}],"wp:term":[{"taxonomy":"category","embeddable":true,"href":"https:\/\/hostnetart.com.br\/baixada\/wp-json\/wp\/v2\/categories?post=13026"},{"taxonomy":"post_tag","embeddable":true,"href":"https:\/\/hostnetart.com.br\/baixada\/wp-json\/wp\/v2\/tags?post=13026"}],"curies":[{"name":"wp","href":"https:\/\/api.w.org\/{rel}","templated":true}]}}