{"id":13020,"date":"2022-08-19T03:11:28","date_gmt":"2022-08-19T06:11:28","guid":{"rendered":"https:\/\/hostnetart.com.br\/baixada\/comando-nacional-dos-bancarios-cobra-proposta-sobre-clausulas-economicas\/"},"modified":"2022-08-19T03:11:28","modified_gmt":"2022-08-19T06:11:28","slug":"comando-nacional-dos-bancarios-cobra-proposta-sobre-clausulas-economicas","status":"publish","type":"post","link":"https:\/\/hostnetart.com.br\/baixada\/comando-nacional-dos-bancarios-cobra-proposta-sobre-clausulas-economicas\/","title":{"rendered":"Comando Nacional dos Banc\u00e1rios cobra proposta sobre cl\u00e1usulas econ\u00f4micas"},"content":{"rendered":"<p>O Comando Nacional dos Banc\u00e1rios obteve avan\u00e7os para as propostas de teletrabalho e de combate ao ass\u00e9dio sexual na negocia\u00e7\u00e3o com a Federa\u00e7\u00e3o Nacional dos Bancos (Fenaban) desta quinta-feira (18) e cobrou melhorias na proposta contra as metas abusivas e o ass\u00e9dio moral, al\u00e9m de uma resposta definitiva para o \u00edndice de aumento para os sal\u00e1rios, vales alimenta\u00e7\u00e3o e refei\u00e7\u00e3o (VA e VR) e tamb\u00e9m para a Participa\u00e7\u00e3o nos Lucros e Resultados (PLR). \u201cRealizamos hoje a 11\u00aa reuni\u00e3o de nossa campanha nacional e os bancos ainda n\u00e3o trouxeram uma proposta de aumento dos sal\u00e1rios e demais verbas econ\u00f4micas, tampouco para a ajuda de custo para as banc\u00e1rias e banc\u00e1rios que cumprem suas tarefas em teletrabalho\u201d, informou a presidenta da Confedera\u00e7\u00e3o Nacional dos Trabalhadores do Ramo Financeiro (Contraf-CUT), Juvandia Moreira, que \u00e9 uma das coordenadoras do Comando Nacional. \u201c\u00c9 importante avan\u00e7armos nos temas de combate ao ass\u00e9dio sexual e do ass\u00e9dio moral, assim como no teletrabalho, mas queremos tamb\u00e9m avan\u00e7ar no aumento real. Os banc\u00e1rios e banc\u00e1rias est\u00e3o pagando por um custo de vida alto, com a volta da infla\u00e7\u00e3o, est\u00e1 tudo muito caro!\u201d completou.<\/p>\n<figure class=\"wp-block-embed-youtube wp-block-embed is-type-video is-provider-youtube wp-embed-aspect-16-9 wp-has-aspect-ratio\">\n<div class=\"wp-block-embed__wrapper\">\u00a0<\/div>\n<\/figure>\n<p>A presidenta do Sindicato dos Banc\u00e1rios de S\u00e3o Paulo, Osasco e Regi\u00e3o (Seeb\/SP), Ivone Silva, que coordena o Comando Nacional dos Banc\u00e1rios juntamente com a presidenta da Contraf-CUT, ressaltou que os canais de den\u00fancias de ass\u00e9dio mantidos pelos bancos nem sempre s\u00e3o seguros. \u201cExistem diversos exemplos que mostram a fragilidade da seguran\u00e7a dos canais mantidos por alguns bancos. \u00c9 preciso que haja a participa\u00e7\u00e3o das entidades sindicais para garantir seguran\u00e7a e que as den\u00fancias sejam efetivamente apuradas, al\u00e9m da manuten\u00e7\u00e3o do sigilo da identidade da denunciante. Precisamos avan\u00e7ar neste sentido para que as v\u00edtimas n\u00e3o sejam discriminadas e coagidas e se sintam seguras para fazerem as den\u00fancias\u201d, disse.<\/p>\n<p><strong>Avan\u00e7os<\/strong><\/p>\n<p>Os bancos v\u00e3o analisar as propostas do Comando sobre o combate ao ass\u00e9dio sexual e tamb\u00e9m sobre o teletrabalho e apresentar\u00e1 uma nova reda\u00e7\u00e3o sobre os temas, mas disse que ainda n\u00e3o conseguiu avan\u00e7ar no debate sobre a ajuda de custo.<\/p>\n<p>Outro avan\u00e7o foi sobre o combate ao ass\u00e9dio moral. Para os bancos, o ass\u00e9dio \u00e9 uma quest\u00e3o de comportamento de alguns gestores e v\u00e3o ampliar a orienta\u00e7\u00e3o para coibir tal conduta. Tamb\u00e9m aceitam criar uma comiss\u00e3o para debater sobre o estabelecimento de metas.<\/p>\n<p>\u201c\u00c9 certo que os bancos aceitarem debater sobre metas \u00e9 um avan\u00e7o, mas temos que tomar cuidado para que a responsabilidade n\u00e3o recaia somente sobre os gestores. Temos que analisar com cuidado para saber se eles tamb\u00e9m n\u00e3o est\u00e3o sendo pressionados pela pol\u00edtica de metas da institui\u00e7\u00e3o e repassam esta press\u00e3o para seus subordinados\u201d, observou a secret\u00e1ria-geral do Seeb\/SP, Neiva Maria dos Santos.<\/p>\n<p><strong>O que mais precisa avan\u00e7ar<\/strong><\/p>\n<p>Al\u00e9m dos avan\u00e7os j\u00e1 mencionados, os bancos precisam definir melhor as propostas para permitir que as entidades sindicais possam se reunir e ter acesso aos trabalhadores que exer\u00e7am suas fun\u00e7\u00f5es em teletrabalho.<\/p>\n<p>Outro ponto que precisa ficar claro na proposta \u00e9 com rela\u00e7\u00e3o ao desconto de vale-transporte, que deve ser calculado apenas sobre os dias trabalhados presencialmente e n\u00e3o sobre todo o sal\u00e1rio.<\/p>\n<p>Outro ponto que os bancos ficaram de analisar \u00e9 com rela\u00e7\u00e3o ao prazo de mudan\u00e7a da modalidade de teletrabalho para o presencial, que deve ser expandido para quem cumpre sua jornada em localidades fora da sede de sua lota\u00e7\u00e3o, como em outros estados e at\u00e9 pa\u00edses.<\/p>\n<p><strong>Mobiliza\u00e7\u00e3o nacional<\/strong><\/p>\n<p>Sindicatos de banc\u00e1rios realizam, nesta sexta-feira (19),\u00a0<a href=\"https:\/\/contrafcut.com.br\/noticias\/bancarios-fazem-dia-nacional-de-luta-nesta-sexta-feira-19\/\" target=\"_blank\" rel=\"noopener noreferrer\">mobiliza\u00e7\u00f5es em todo o pa\u00eds<\/a>\u00a0para reivindicar a resposta dos bancos sobre as reivindica\u00e7\u00f5es de aumento real de sal\u00e1rios (INPC + 5%), aumento maior para os vales refei\u00e7\u00e3o e alimenta\u00e7\u00e3o e maior participa\u00e7\u00e3o nos lucros e resultados dos bancos, que j\u00e1 chegou a ser de 14%, em m\u00e9dia, e atualmente est\u00e1 em 6,6%, em m\u00e9dia.<\/p>\n<p>\u201cO lucro dos bancos cresce ano ap\u00f3s ano. Eles podem atender todas as nossas reivindica\u00e7\u00f5es\u201d, disse Juvandia ressaltando que a infla\u00e7\u00e3o voltou a assolar nosso pa\u00eds e que a categoria precisa ter aumento real (acima da infla\u00e7\u00e3o) e aumento ainda maior para o VA e para o VR.<\/p>\n<p>Al\u00e9m dos atos nas ruas, haver\u00e1 mobiliza\u00e7\u00e3o nas redes sociais das 9h \u00e0s 10h. O Comando dos banc\u00e1rios orienta o uso da hashtag #T\u00e1EsperandoOQu\u00ea? e a marca\u00e7\u00e3o da Febraban (@Febraban) nas postagens.<\/p>\n<p><strong>Pr\u00f3xima negocia\u00e7\u00e3o<\/strong><\/p>\n<p>A pr\u00f3xima reuni\u00e3o de negocia\u00e7\u00e3o est\u00e1 prevista para esta sexta-feira (19), a partir das 10h.<\/p>\n<p><strong>Fonte: Contraf-CUT<\/strong><\/p>\n","protected":false},"excerpt":{"rendered":"<p>O Comando Nacional dos Banc\u00e1rios obteve avan\u00e7os para as propostas de teletrabalho e de combate ao ass\u00e9dio sexual na negocia\u00e7\u00e3o com a Federa\u00e7\u00e3o Nacional dos Bancos (Fenaban) desta quinta-feira (18) e cobrou melhorias na proposta contra as metas abusivas e o ass\u00e9dio moral, al\u00e9m de uma resposta definitiva para o \u00edndice de aumento para os [&hellip;]<\/p>\n","protected":false},"author":2,"featured_media":13019,"comment_status":"","ping_status":"","sticky":false,"template":"","format":"standard","meta":{"footnotes":""},"categories":[3],"tags":[],"class_list":["post-13020","post","type-post","status-publish","format-standard","has-post-thumbnail","hentry","category-noticias"],"_links":{"self":[{"href":"https:\/\/hostnetart.com.br\/baixada\/wp-json\/wp\/v2\/posts\/13020","targetHints":{"allow":["GET"]}}],"collection":[{"href":"https:\/\/hostnetart.com.br\/baixada\/wp-json\/wp\/v2\/posts"}],"about":[{"href":"https:\/\/hostnetart.com.br\/baixada\/wp-json\/wp\/v2\/types\/post"}],"author":[{"embeddable":true,"href":"https:\/\/hostnetart.com.br\/baixada\/wp-json\/wp\/v2\/users\/2"}],"replies":[{"embeddable":true,"href":"https:\/\/hostnetart.com.br\/baixada\/wp-json\/wp\/v2\/comments?post=13020"}],"version-history":[{"count":0,"href":"https:\/\/hostnetart.com.br\/baixada\/wp-json\/wp\/v2\/posts\/13020\/revisions"}],"wp:featuredmedia":[{"embeddable":true,"href":"https:\/\/hostnetart.com.br\/baixada\/wp-json\/wp\/v2\/media\/13019"}],"wp:attachment":[{"href":"https:\/\/hostnetart.com.br\/baixada\/wp-json\/wp\/v2\/media?parent=13020"}],"wp:term":[{"taxonomy":"category","embeddable":true,"href":"https:\/\/hostnetart.com.br\/baixada\/wp-json\/wp\/v2\/categories?post=13020"},{"taxonomy":"post_tag","embeddable":true,"href":"https:\/\/hostnetart.com.br\/baixada\/wp-json\/wp\/v2\/tags?post=13020"}],"curies":[{"name":"wp","href":"https:\/\/api.w.org\/{rel}","templated":true}]}}