{"id":13018,"date":"2022-08-18T18:54:24","date_gmt":"2022-08-18T21:54:24","guid":{"rendered":"https:\/\/hostnetart.com.br\/baixada\/funcionario-do-bradesco-e-reintegrado-pelo-sindicato-dos-bancarios-da-baixada-fluminense-2\/"},"modified":"2022-08-18T18:54:24","modified_gmt":"2022-08-18T21:54:24","slug":"funcionario-do-bradesco-e-reintegrado-pelo-sindicato-dos-bancarios-da-baixada-fluminense-2","status":"publish","type":"post","link":"https:\/\/hostnetart.com.br\/baixada\/funcionario-do-bradesco-e-reintegrado-pelo-sindicato-dos-bancarios-da-baixada-fluminense-2\/","title":{"rendered":"Funcion\u00e1rio do Bradesco \u00e9 reintegrado pelo Sindicato dos Banc\u00e1rios da Baixada Fluminense"},"content":{"rendered":"<p>Semana de not\u00edcias boas para os trabalhadores banc\u00e1rios!<\/p>\n<p>Nesta quinta-feira, 18 de agosto, o Sindicato dos Banc\u00e1rios da Baixada Fluminense\u00a0reintegrou mais um funcion\u00e1rio do Banco Bradesco.<\/p>\n<p>Ronaldo Assereuy Gavazza foi reintegrado, atrav\u00e9s de mandado de seguran\u00e7a, na ag\u00eancia localizada em Mesquita.\u00a0Quando ocorreu a demiss\u00e3o, o trabalhador estava acometido com doen\u00e7a ocupacional.<\/p>\n<p>Conforme laudo pericial, o banc\u00e1rio desenvolveu LER\/DORT, em virtude das atividades desenvolvidas no trabalho, n\u00e3o estando apto a ser demitido.<\/p>\n<p>A reintegra\u00e7\u00e3o foi acompanhado pelos diretores M\u00e1rcio Wanderley e Elizabeth Paradela.<\/p>\n<p><span style=\"text-decoration: underline;\">IMPORTANTE<\/span><\/p>\n<p>Ronaldo \u00e9 sindicalizado e, logo ap\u00f3s seu desligamento, procurou atendimento no Sindicato dos Banc\u00e1rios da Baixada Fluminense, onde foi prontamente atendido pelos Departamentos Jur\u00eddico e de Sa\u00fade.<\/p>\n<p>\u00c9 fundamental que banc\u00e1rias e banc\u00e1rios, logo que sejam informados de suas demiss\u00f5es, procurem imediatamente atendimento no Sindicato.<\/p>\n<p><strong>SINDICALIZE-SE<\/strong><\/p>\n<p>\u00a0<\/p>\n","protected":false},"excerpt":{"rendered":"<p>Semana de not\u00edcias boas para os trabalhadores banc\u00e1rios! Nesta quinta-feira, 18 de agosto, o Sindicato dos Banc\u00e1rios da Baixada Fluminense\u00a0reintegrou mais um funcion\u00e1rio do Banco Bradesco. Ronaldo Assereuy Gavazza foi reintegrado, atrav\u00e9s de mandado de seguran\u00e7a, na ag\u00eancia localizada em Mesquita.\u00a0Quando ocorreu a demiss\u00e3o, o trabalhador estava acometido com doen\u00e7a ocupacional. Conforme laudo pericial, o [&hellip;]<\/p>\n","protected":false},"author":2,"featured_media":13017,"comment_status":"","ping_status":"","sticky":false,"template":"","format":"standard","meta":{"footnotes":""},"categories":[3],"tags":[],"class_list":["post-13018","post","type-post","status-publish","format-standard","has-post-thumbnail","hentry","category-noticias"],"_links":{"self":[{"href":"https:\/\/hostnetart.com.br\/baixada\/wp-json\/wp\/v2\/posts\/13018","targetHints":{"allow":["GET"]}}],"collection":[{"href":"https:\/\/hostnetart.com.br\/baixada\/wp-json\/wp\/v2\/posts"}],"about":[{"href":"https:\/\/hostnetart.com.br\/baixada\/wp-json\/wp\/v2\/types\/post"}],"author":[{"embeddable":true,"href":"https:\/\/hostnetart.com.br\/baixada\/wp-json\/wp\/v2\/users\/2"}],"replies":[{"embeddable":true,"href":"https:\/\/hostnetart.com.br\/baixada\/wp-json\/wp\/v2\/comments?post=13018"}],"version-history":[{"count":0,"href":"https:\/\/hostnetart.com.br\/baixada\/wp-json\/wp\/v2\/posts\/13018\/revisions"}],"wp:featuredmedia":[{"embeddable":true,"href":"https:\/\/hostnetart.com.br\/baixada\/wp-json\/wp\/v2\/media\/13017"}],"wp:attachment":[{"href":"https:\/\/hostnetart.com.br\/baixada\/wp-json\/wp\/v2\/media?parent=13018"}],"wp:term":[{"taxonomy":"category","embeddable":true,"href":"https:\/\/hostnetart.com.br\/baixada\/wp-json\/wp\/v2\/categories?post=13018"},{"taxonomy":"post_tag","embeddable":true,"href":"https:\/\/hostnetart.com.br\/baixada\/wp-json\/wp\/v2\/tags?post=13018"}],"curies":[{"name":"wp","href":"https:\/\/api.w.org\/{rel}","templated":true}]}}