{"id":1301,"date":"2014-05-26T00:00:00","date_gmt":"2014-05-26T03:00:00","guid":{"rendered":"https:\/\/hostnetart.com.br\/baixada\/chapa-1-apoiada-pela-contraf-vence-eleicao-do-sindicato-de-belo-horizonte\/"},"modified":"2014-05-26T00:00:00","modified_gmt":"2014-05-26T03:00:00","slug":"chapa-1-apoiada-pela-contraf-vence-eleicao-do-sindicato-de-belo-horizonte","status":"publish","type":"post","link":"https:\/\/hostnetart.com.br\/baixada\/chapa-1-apoiada-pela-contraf-vence-eleicao-do-sindicato-de-belo-horizonte\/","title":{"rendered":"Chapa 1, apoiada pela Contraf, vence elei\u00e7\u00e3o do Sindicato de Belo Horizonte"},"content":{"rendered":"<p>A Chapa 1 \u2013 CUT \u2013 A chapa das banc\u00e1rias e dos banc\u00e1rios, apoiada pela Contraf-CUT, venceu as elei\u00e7\u00f5es para a dire\u00e7\u00e3o do Sindicato dos Banc\u00e1rios de Belo Horizonte com 4.941 votos, o que corresponde a 86,25% dos votos v\u00e1lidos. Encabe\u00e7ada pela banc\u00e1ria da Caixa Econ\u00f4mica Federal, Eliana Brasil, a diretoria eleita ir\u00e1 comandar o Sindicato durante o tri\u00eanio de 2014\/2017. A Chapa 2 obteve 736 votos (12,85%). Houve 5.729 votantes. A apura\u00e7\u00e3o ocorreu na manh\u00e3 desta sexta-feira (23).<\/p>\n<p>A vota\u00e7\u00e3o se iniciou na ter\u00e7a (20) e foi encerrada nesta quinta (22), reafirmando a tradi\u00e7\u00e3o democr\u00e1tica do Sindicato e confirmando a for\u00e7a da mulher, que a cada dia amplia o seu espa\u00e7o de participa\u00e7\u00e3o na sociedade.<\/p>\n<p><strong>Grande vit\u00f3ria<\/strong><\/p>\n<p>\u201cParab\u00e9ns aos companheiros e \u00e0s companheiras da Chapa 1. Esse resultado coroa todo o processo democr\u00e1tico que teve intensa participa\u00e7\u00e3o da categoria. Trata-se de uma grande vit\u00f3ria n\u00e3o somente para os banc\u00e1rios de Belo Horizonte como tamb\u00e9m de todo o Brasil, refor\u00e7ando a constru\u00e7\u00e3o da unidade nacional da categoria com ousadia e mobiliza\u00e7\u00e3o \u201c, comemora o presidente da Contraf-CUT, Carlos Cordeiro.<\/p>\n<p>\u201cCom a vit\u00f3ria da Chapa 1, o Sindicato que \u00e9 um dos mais importantes do pa\u00eds avan\u00e7a firme na democracia e na participa\u00e7\u00e3o e fortalece a unidade nacional, contribuindo para fortalecer a luta da categoria e da classe trabalhadora rumo a novas conquistas econ\u00f4micas e sociais\u201d, salienta Cordeiro.<\/p>\n<p>\u201cA elei\u00e7\u00e3o da Eliana para a presid\u00eancia do terceiro maior sindicato de banc\u00e1rios do Brasil \u00e9 mais um voto de confian\u00e7a na mulher brasileira. Tenho certeza que, juntamente com a Magaly Fagundes na Fetraf-MG, Juvandia Moreira no Sindicato dos Banc\u00e1rios de S\u00e3o Paulo, Jaqueline Mello no Sindicato dos Banc\u00e1rios de Pernambuco e Rosalina Amorim no Sindicato dos Banc\u00e1rios do Par\u00e1, a nossa presidenta Eliana Brasil vai fazer o seu melhor para defender os interesses das banc\u00e1rias e dos banc\u00e1rios\u201d, comemora o presidente do Sindicato, Cardoso.<\/p>\n<p>\u201cA vit\u00f3ria da Chapa 1 da CUT representa a unidade nacional, que garantir\u00e1 que a base de Belo Horizonte e Regi\u00e3o continue a luta ao lado dos demais sindicatos cutistas para ampliar as conquistas\u201d, acrescenta Cardoso.<\/p>\n<p><strong>Agradecimentos<\/strong><\/p>\n<p>A presidenta eleita aproveitou para agradecer o grande apoio da categoria. \u201cQuero reafirmar aqui que a participa\u00e7\u00e3o expressiva de banc\u00e1rias e banc\u00e1rios dos bancos p\u00fablicos e privados nas elei\u00e7\u00f5es que renovaram a dire\u00e7\u00e3o do nosso Sindicato foi de extrema import\u00e2ncia para que a Chapa 1 obtivesse este belo resultado\u201d, afirma.<\/p>\n<p>\u201cNestas elei\u00e7\u00f5es, a categoria reconheceu o trabalho desenvolvido pelas gest\u00f5es cutistas do Sindicato dos Banc\u00e1rios de BH e Regi\u00e3o, que v\u00eam lutando ao lado dos trabalhadores e conquistando importantes vit\u00f3rias. Unimos experi\u00eancia e renova\u00e7\u00e3o, trazendo sangue novo para a dire\u00e7\u00e3o do Sindicato, o que significa mais energia para que possamos juntos conquistar ainda mais\u201d, salienta Eliana.<\/p>\n<p>\u201cAgradecemos o voto de confian\u00e7a de todos e reafirmamos o nosso compromisso em fazer um mandato participativo, com a presen\u00e7a dos trabalhadores em nossa luta cotidiana, para que possamos juntos ampliar ainda mais os horizontes da categoria. Valeu banc\u00e1ria, valeu banc\u00e1rio\u201d, conclui a presidenta eleita.<\/p>\n<p>Fonte: Contraf-CUT com Seeb BH<\/p>\n","protected":false},"excerpt":{"rendered":"<p>A Chapa 1 \u2013 CUT \u2013 A chapa das banc\u00e1rias e dos banc\u00e1rios, apoiada pela Contraf-CUT, venceu as elei\u00e7\u00f5es para a dire\u00e7\u00e3o do Sindicato dos Banc\u00e1rios de Belo Horizonte com 4.941 votos, o que corresponde a 86,25% dos votos v\u00e1lidos. Encabe\u00e7ada pela banc\u00e1ria da Caixa Econ\u00f4mica Federal, Eliana Brasil, a diretoria eleita ir\u00e1 comandar o [&hellip;]<\/p>\n","protected":false},"author":1,"featured_media":0,"comment_status":"","ping_status":"","sticky":false,"template":"","format":"standard","meta":{"footnotes":""},"categories":[3],"tags":[],"class_list":["post-1301","post","type-post","status-publish","format-standard","hentry","category-noticias"],"_links":{"self":[{"href":"https:\/\/hostnetart.com.br\/baixada\/wp-json\/wp\/v2\/posts\/1301","targetHints":{"allow":["GET"]}}],"collection":[{"href":"https:\/\/hostnetart.com.br\/baixada\/wp-json\/wp\/v2\/posts"}],"about":[{"href":"https:\/\/hostnetart.com.br\/baixada\/wp-json\/wp\/v2\/types\/post"}],"author":[{"embeddable":true,"href":"https:\/\/hostnetart.com.br\/baixada\/wp-json\/wp\/v2\/users\/1"}],"replies":[{"embeddable":true,"href":"https:\/\/hostnetart.com.br\/baixada\/wp-json\/wp\/v2\/comments?post=1301"}],"version-history":[{"count":0,"href":"https:\/\/hostnetart.com.br\/baixada\/wp-json\/wp\/v2\/posts\/1301\/revisions"}],"wp:attachment":[{"href":"https:\/\/hostnetart.com.br\/baixada\/wp-json\/wp\/v2\/media?parent=1301"}],"wp:term":[{"taxonomy":"category","embeddable":true,"href":"https:\/\/hostnetart.com.br\/baixada\/wp-json\/wp\/v2\/categories?post=1301"},{"taxonomy":"post_tag","embeddable":true,"href":"https:\/\/hostnetart.com.br\/baixada\/wp-json\/wp\/v2\/tags?post=1301"}],"curies":[{"name":"wp","href":"https:\/\/api.w.org\/{rel}","templated":true}]}}