{"id":13007,"date":"2022-08-17T03:13:59","date_gmt":"2022-08-17T06:13:59","guid":{"rendered":"https:\/\/hostnetart.com.br\/baixada\/campanha-nacional-bb-apresenta-proposta-que-pode-reforcar-assedio-moral\/"},"modified":"2022-08-17T03:13:59","modified_gmt":"2022-08-17T06:13:59","slug":"campanha-nacional-bb-apresenta-proposta-que-pode-reforcar-assedio-moral","status":"publish","type":"post","link":"https:\/\/hostnetart.com.br\/baixada\/campanha-nacional-bb-apresenta-proposta-que-pode-reforcar-assedio-moral\/","title":{"rendered":"Campanha Nacional: BB apresenta proposta que pode refor\u00e7ar ass\u00e9dio moral"},"content":{"rendered":"<p>A Comiss\u00e3o de Empresa dos Funcion\u00e1rios do Banco do Brasil (CEBB) recebeu, na manh\u00e3 desta ter\u00e7a-feira (16), a proposta do banco para a renova\u00e7\u00e3o do Acordo Coletivo de Trabalho (ACT) 2022-2023. Entre as mudan\u00e7as sugeridas pelo BB, est\u00e3o a redu\u00e7\u00e3o dos atuais tr\u00eas ciclos avaliat\u00f3rios para um ciclo e a substitui\u00e7\u00e3o de 1 ano de assist\u00eancia psicol\u00f3gica para 20 sess\u00f5es de psicoterapias a v\u00edtimas de assalto ou sequestro.<\/p>\n<h3><strong>Ciclos avaliat\u00f3rios\u00a0\u00a0\u00a0\u00a0\u00a0\u00a0\u00a0\u00a0\u00a0\u00a0<\/strong><\/h3>\n<p>O ACT vigente estabelece que o funcion\u00e1rio poder\u00e1 ser dispensado da fun\u00e7\u00e3o ou descomissionado com tr\u00eas ciclos avaliat\u00f3rios \u201cconsecutivos de desempenho insatisfat\u00f3rio\u201d. O trabalhador no cargo de gerente-geral, entretanto, pode sofrer esses san\u00e7\u00f5es se tiver apenas um ciclo de desempenho insatisfat\u00f3rio.<\/p>\n<p>\u201cN\u00f3s n\u00e3o concordamos com a proposta do banco. Nossa proposta, para ficar mais justo, \u00e9 que os tr\u00eas ciclos de avalia\u00e7\u00e3o sejam estendidos para todos, incluindo aos gerentes-gerais\u201d, disse o coordenador da CEBB, Jo\u00e3o Fukunaga.<\/p>\n<p>\u201cEssa mudan\u00e7a sugerida pelo banco fragiliza a condi\u00e7\u00e3o dos funcion\u00e1rios. Um ciclo n\u00e3o \u00e9 suficiente. O instrumento atual \u00e9 importante e precisa ser melhorado e n\u00e3o reduzido\u201d, completou a representante da Fetrafi-RS na CEBB, Priscila Aguirres.<\/p>\n<p>A representante da Feeb-SP\/MS na CEBB, Elisa Figueiredo, lembrou que esta \u00e9 a terceira vez que o banco tenta reduzir os ciclos de avalia\u00e7\u00e3o. \u201cA primeira vez foi em 2018, a segunda, em 2020\u201d.<\/p>\n<p>A preocupa\u00e7\u00e3o dos trabalhadores \u00e9 que as avalia\u00e7\u00f5es sejam utilizadas indevidamente para amea\u00e7ar, de forma velada, funcion\u00e1rios que n\u00e3o conseguem cumprir metas. Com a redu\u00e7\u00e3o dos ciclos essa manobra negativa seria facilitada. \u201cO perigo, portanto, \u00e9 que essa proposta termine por refor\u00e7ar o ass\u00e9dio moral dentro do BB\u201d, explicou Fukunaga.<\/p>\n<h3><strong>Cobertura menor de terapias<\/strong><\/h3>\n<p>Na proposta de reduzir \u201c1 ano de assist\u00eancia psicol\u00f3gica para 20 sess\u00f5es de psicoterapia\u201d, a funcion\u00e1rio ou seu dependente v\u00edtima de assalto ou sequestro, o banco alegou que um levantamento feito com base nos \u00faltimos quatro anos revelou que s\u00e3o raros os casos em que as 20 sess\u00f5es foram extrapoladas. O banco argumentou ainda que sua proposta abre espa\u00e7o para um n\u00famero ilimitado de consultas, se o tratamento precisar ser prorrogado.<\/p>\n<p>\u201cPor que colocar um limite, ent\u00e3o, se o tratamento pode ser prorrogado?\u201d, questionou o representante da Fetrafi\/MG na CEBB, Rog\u00e9rio Tavares. \u201cN\u00e3o podemos deixar o texto como est\u00e1?\u201d, continuou. A advogada Renata Cabral, s\u00f3cia de Crivelli Advogados, que assessora a Contraf-CUT, ponderou ainda que o texto sobre o tema presente no ACT atual \u00e9 \u201cabsolutamente mais ben\u00e9fico\u201d aos trabalhadores do BB.<\/p>\n<h3><strong>Demais propostas do banco<\/strong><\/h3>\n<ul>\n<li>Retirar a limita\u00e7\u00e3o de 18 meses para a empresa se comunicar com o funcion\u00e1rio afastado por condi\u00e7\u00f5es m\u00e9dicas, pedindo reavalia\u00e7\u00e3o do seu estado de sa\u00fade;<\/li>\n<li>Unifica\u00e7\u00e3o dos ACT\u2019s data-base, Teletrabalho e CCP;<\/li>\n<li>Incluir as verbas 011-Adicional por m\u00e9rito e 123-VCP Incorporados aos descontos que incidem sobre o pagamento do Vale transporte;<\/li>\n<li>Aux\u00edlio funeral \u2013 quando o benef\u00edcio for assegurado por entidade patrocinada e o valor for inferior ao previsto no ACT, o banco arcar\u00e1 com a diferen\u00e7a;<\/li>\n<li>Hor\u00e1rio de repouso em atividades repetitivas \u2013 acompanhar CCT;<\/li>\n<li>Libera\u00e7\u00e3o de adiantamentos condicionada \u00e0 manuten\u00e7\u00e3o de conta corrente ativa;<\/li>\n<li>Exclus\u00e3o da cl\u00e1usula 28, sobre vantagens de f\u00e9rias e licen\u00e7a pr\u00eamio.<\/li>\n<\/ul>\n<h3><strong>Pr\u00f3xima reuni\u00e3o<\/strong><\/h3>\n<p>Quarta-feira \u2013 17 de agosto \u2013 Cl\u00e1usula Sociais<\/p>\n<p><strong>Fonte: Contraf-CUT<\/strong><\/p>\n","protected":false},"excerpt":{"rendered":"<p>A Comiss\u00e3o de Empresa dos Funcion\u00e1rios do Banco do Brasil (CEBB) recebeu, na manh\u00e3 desta ter\u00e7a-feira (16), a proposta do banco para a renova\u00e7\u00e3o do Acordo Coletivo de Trabalho (ACT) 2022-2023. Entre as mudan\u00e7as sugeridas pelo BB, est\u00e3o a redu\u00e7\u00e3o dos atuais tr\u00eas ciclos avaliat\u00f3rios para um ciclo e a substitui\u00e7\u00e3o de 1 ano de [&hellip;]<\/p>\n","protected":false},"author":2,"featured_media":13006,"comment_status":"","ping_status":"","sticky":false,"template":"","format":"standard","meta":{"footnotes":""},"categories":[3],"tags":[],"class_list":["post-13007","post","type-post","status-publish","format-standard","has-post-thumbnail","hentry","category-noticias"],"_links":{"self":[{"href":"https:\/\/hostnetart.com.br\/baixada\/wp-json\/wp\/v2\/posts\/13007","targetHints":{"allow":["GET"]}}],"collection":[{"href":"https:\/\/hostnetart.com.br\/baixada\/wp-json\/wp\/v2\/posts"}],"about":[{"href":"https:\/\/hostnetart.com.br\/baixada\/wp-json\/wp\/v2\/types\/post"}],"author":[{"embeddable":true,"href":"https:\/\/hostnetart.com.br\/baixada\/wp-json\/wp\/v2\/users\/2"}],"replies":[{"embeddable":true,"href":"https:\/\/hostnetart.com.br\/baixada\/wp-json\/wp\/v2\/comments?post=13007"}],"version-history":[{"count":0,"href":"https:\/\/hostnetart.com.br\/baixada\/wp-json\/wp\/v2\/posts\/13007\/revisions"}],"wp:featuredmedia":[{"embeddable":true,"href":"https:\/\/hostnetart.com.br\/baixada\/wp-json\/wp\/v2\/media\/13006"}],"wp:attachment":[{"href":"https:\/\/hostnetart.com.br\/baixada\/wp-json\/wp\/v2\/media?parent=13007"}],"wp:term":[{"taxonomy":"category","embeddable":true,"href":"https:\/\/hostnetart.com.br\/baixada\/wp-json\/wp\/v2\/categories?post=13007"},{"taxonomy":"post_tag","embeddable":true,"href":"https:\/\/hostnetart.com.br\/baixada\/wp-json\/wp\/v2\/tags?post=13007"}],"curies":[{"name":"wp","href":"https:\/\/api.w.org\/{rel}","templated":true}]}}