{"id":13005,"date":"2022-08-16T17:45:54","date_gmt":"2022-08-16T20:45:54","guid":{"rendered":"https:\/\/hostnetart.com.br\/baixada\/funcionarios-do-banco-do-brasil-divulgam-manifesto-em-defesa-da-democracia\/"},"modified":"2022-08-16T17:45:54","modified_gmt":"2022-08-16T20:45:54","slug":"funcionarios-do-banco-do-brasil-divulgam-manifesto-em-defesa-da-democracia","status":"publish","type":"post","link":"https:\/\/hostnetart.com.br\/baixada\/funcionarios-do-banco-do-brasil-divulgam-manifesto-em-defesa-da-democracia\/","title":{"rendered":"Funcion\u00e1rios do Banco do Brasil divulgam manifesto em defesa da democracia"},"content":{"rendered":"<p>Trabalhadores do Banco do Brasil divulgam nesta semana o manifesto em \u201cdefesa da democracia, respeito \u00e0 Constitui\u00e7\u00e3o e \u00e0 escolha soberana do povo brasileiro nas elei\u00e7\u00f5es de outubro\u201d. A publica\u00e7\u00e3o do documento ocorre ap\u00f3s Fausto Ribeiro, presidente do banco, criticar publicamente a ades\u00e3o da Federa\u00e7\u00e3o Brasileira de Bancos (Febraban) \u00e0 carta \u201cEm Defesa da Democracia e da Justi\u00e7a\u201d. \u201c<a href=\"https:\/\/www1.folha.uol.com.br\/mercado\/2022\/08\/febraban-nao-deveria-assinar-carta-politica-diz-presidente-do-bb-sobre-ato-pro-democracia.shtml\">Nossa posi\u00e7\u00e3o segue de neutralidade<\/a>\u201d, disse Ribeiro a jornalistas. \u201cEntendemos que a Febraban n\u00e3o deve se manifestar sobre pol\u00edtica\u201d, completou.<\/p>\n<p>\u201cA defesa da democracia e do BB p\u00fablico foram temas aprovados no 33\u00ba Congresso dos Funcion\u00e1rios do Banco do Brasil, realizado em junho. A partir disso n\u00f3s criamos o Comit\u00ea de Luta em defesa do BB. E o manifesto faz parte desse trabalho\u201d, explicou o coordenador da Comiss\u00e3o de Empresa dos Funcion\u00e1rios do Banco do Brasil (CEBB), Jo\u00e3o Fukunaga.<\/p>\n<p>Para ele, a decis\u00e3o do presidente do BB em n\u00e3o aderir a uma carta pela democracia \u201ctraz o debate pol\u00edtico para dentro\u201d da entidade, completando que diversas organiza\u00e7\u00f5es da sociedade civil aderiram ao manifesto sem, em nenhum momento, defender partidos ou candidatos.<\/p>\n<p>\u201cA decis\u00e3o de Fausto Ribeiro, sob o manto da \u2018neutralidade\u2019, de n\u00e3o aderir ao manifesto seria por que o atual presidente da Rep\u00fablica tamb\u00e9m se recusou a aderir? Vale a pena ele trocar a democracia e o Estado de Direito por um cargo? Muitos na ditadura fizeram isso para se manter em cargos p\u00fablicos. Ver isso se repetindo hoje levanta preocupa\u00e7\u00f5es sobre interfer\u00eancias pol\u00edticas no BB\u201d, avaliou.<\/p>\n<p><em>Clique aqui se voc\u00ea quiser assinar a\u00a0<a href=\"https:\/\/www.estadodedireitosempre.com\/\">Carta \u00e0s Brasileiras e aos Brasileiros em defesa do Estado Democr\u00e1tico de Direito<\/a><\/em><\/p>\n<h3><strong>Um BB p\u00fablico<\/strong><\/h3>\n<p>\u201cNos \u00faltimos anos, o Banco do Brasil vem se assemelhando cada vez mais a um banco de mercado, com\u00a0<a href=\"https:\/\/g1.globo.com\/economia\/noticia\/2021\/09\/27\/guedes-defende-petrobras-e-banco-do-brasil-na-fila-de-privatizacoes-dos-proximos-anos.ghtml\">amea\u00e7as de privatiza\u00e7\u00f5es feitas pelo pr\u00f3prio ministro da Economia<\/a>. Isso significa deixar de atender milhares de brasileiros para priorizar os clientes com patamar social mais elevado\u201d, destacou Fukunaga.<\/p>\n<p>\u201cA sociedade precisa ser alertada de que sem os bancos p\u00fablicos o cr\u00e9dito para o microempreendedor, para o pequeno neg\u00f3cio e para a agricultura familiar ficaria mais caro e isso impactaria negativamente no pre\u00e7o dos alimentos e na sa\u00fade do setor produtivo do pa\u00eds\u201d, explicou Jos\u00e9 Ricardo Sasseron, coordenador do Comit\u00ea de Luta em Defesa do Banco do Brasil P\u00fablico, iniciativa dos funcion\u00e1rios do BB.<\/p>\n<p>Em 2021, o Banco do Brasil foi submetido a dois programas de reestrutura\u00e7\u00e3o que resultaram na demiss\u00e3o de milhares de funcion\u00e1rios e no fechamento de centenas de ag\u00eancias. \u201cA carta dos trabalhadores do banco, em apoio \u00e0 democracia, toca nesta quest\u00e3o, porque democracia tamb\u00e9m significa fortalecer as empresas p\u00fablicas como instrumentos que auxiliam na constru\u00e7\u00e3o e manuten\u00e7\u00e3o do Estado Democr\u00e1tico de Direito. No caso espec\u00edfico do BB, para que a entidade cumpra seu papel de financiar a recupera\u00e7\u00e3o da economia e na gera\u00e7\u00e3o de emprego\u201d, completou.<\/p>\n<p>Ele lembrou ainda que, na crise mundial de 2008, os bancos p\u00fablicos foram utilizados para manter o crescimento interno do pa\u00eds, apesar do cen\u00e1rio externo: \u201cNaquele momento, enquanto os bancos privados suspendiam e aumentavam os juros nas linhas de cr\u00e9dito, o BB, ao lado de outros bancos p\u00fablicos, manteve juros menores e, dessa forma, ajudou a dar f\u00f4lego \u00e0 economia\u201d.<\/p>\n<p>A seguir, a carta dos trabalhadores do BB:<\/p>\n<p><strong>Funcion\u00e1rios do Banco do Brasil pela democracia<\/strong><\/p>\n<p><em>N\u00f3s, funcion\u00e1rios do BB, representados no 33\u00ba Congresso dos Funcion\u00e1rios do Banco do Brasil, aprovamos a defesa da democracia, o respeito \u00e0 Constitui\u00e7\u00e3o e \u00e0 escolha soberana do povo brasileiro nas elei\u00e7\u00f5es de outubro.<\/p>\n<p>Enquanto alguns preferem atacar as urnas eletr\u00f4nicas e desacatar a vontade majorit\u00e1ria da popula\u00e7\u00e3o e outros preferem subir no muro da neutralidade, n\u00f3s percorremos o caminho da ordem democr\u00e1tica.<\/p>\n<p>O autoritarismo \u00e9 a face de um passado que n\u00e3o pode voltar, que violou direitos humanos e aprofundou a mis\u00e9ria no pa\u00eds. N\u00e3o se esquecer da Hist\u00f3ria \u00e9 a chave para que a viol\u00eancia de Estado n\u00e3o se repita.<\/p>\n<p>Vamos lembrar que em julho de 1983 o ent\u00e3o governo autorit\u00e1rio determinou interven\u00e7\u00e3o em v\u00e1rios sindicatos, entre eles o dos banc\u00e1rios de S\u00e3o Paulo. Colegas foram cassados e perseguidos. A interven\u00e7\u00e3o acabou somente ap\u00f3s sucessivos atos de protestos que sensibilizaram a sociedade. Uma data emblem\u00e1tica desse processo de luta pela democracia \u00e9 o 10 de setembro de 1985, quando os trabalhadores banc\u00e1rios realizaram a maior greve da hist\u00f3ria da categoria no Brasil e a primeira p\u00f3s-1964, dando o estopim para as Diretas J\u00e1.<\/p>\n<p>Hoje, 2022, vivemos um momento dram\u00e1tico da vida nacional em que n\u00e3o podemos permitir retrocessos autorit\u00e1rios e a volta a um passado de viol\u00eancia pol\u00edtica que causou tantos preju\u00edzos \u00e0 sociedade brasileira. Quem ataca a democracia quer manter seus privil\u00e9gios e impedir que a maioria tenha acesso aos direitos b\u00e1sicos de cidadania.<\/p>\n<p>A conviv\u00eancia democr\u00e1tica \u00e9 fundamental para que os trabalhadores e as parcelas menos favorecidas da sociedade brasileira coloquem na ordem do dia as suas pautas essenciais: o combate \u00e0 fome e \u00e0 mis\u00e9ria; a luta por justi\u00e7a social e pela redu\u00e7\u00e3o das desigualdades; a melhoria nos sal\u00e1rios; a recupera\u00e7\u00e3o de direitos trabalhistas e previdenci\u00e1rios; o respeito \u00e0 diversidade; a reconstru\u00e7\u00e3o de um sistema de sa\u00fade universal e de qualidade; o acesso \u00e0s escolas e universidades; o direito \u00e0 moradia e aos servi\u00e7os p\u00fablicos essenciais.<\/p>\n<p>Democracia tamb\u00e9m significa o fortalecimento das empresas p\u00fablicas, o respeito e valoriza\u00e7\u00e3o de seus funcion\u00e1rios para que empresas, como o Banco do Brasil, cumpram o seu papel de financiar a recupera\u00e7\u00e3o da economia e a gera\u00e7\u00e3o de empregos de qualidade para amplos setores da popula\u00e7\u00e3o brasileira.<\/p>\n<p>Pelo respeito \u00e0 vontade do povo, Estado Democr\u00e1tico de Direito sempre.<\/em><\/p>\n<p><strong>33\u00b0 Congresso Nacional dos Funcion\u00e1rios do Banco do Brasil<br \/><em>\u201cBB p\u00fablico sim, BB mais social sempre!\u201d<\/em><\/strong><\/p>\n<p><strong>Fobte: Contraf-CUT<\/strong><\/p>\n","protected":false},"excerpt":{"rendered":"<p>Trabalhadores do Banco do Brasil divulgam nesta semana o manifesto em \u201cdefesa da democracia, respeito \u00e0 Constitui\u00e7\u00e3o e \u00e0 escolha soberana do povo brasileiro nas elei\u00e7\u00f5es de outubro\u201d. A publica\u00e7\u00e3o do documento ocorre ap\u00f3s Fausto Ribeiro, presidente do banco, criticar publicamente a ades\u00e3o da Federa\u00e7\u00e3o Brasileira de Bancos (Febraban) \u00e0 carta \u201cEm Defesa da Democracia [&hellip;]<\/p>\n","protected":false},"author":2,"featured_media":13004,"comment_status":"","ping_status":"","sticky":false,"template":"","format":"standard","meta":{"footnotes":""},"categories":[3],"tags":[],"class_list":["post-13005","post","type-post","status-publish","format-standard","has-post-thumbnail","hentry","category-noticias"],"_links":{"self":[{"href":"https:\/\/hostnetart.com.br\/baixada\/wp-json\/wp\/v2\/posts\/13005","targetHints":{"allow":["GET"]}}],"collection":[{"href":"https:\/\/hostnetart.com.br\/baixada\/wp-json\/wp\/v2\/posts"}],"about":[{"href":"https:\/\/hostnetart.com.br\/baixada\/wp-json\/wp\/v2\/types\/post"}],"author":[{"embeddable":true,"href":"https:\/\/hostnetart.com.br\/baixada\/wp-json\/wp\/v2\/users\/2"}],"replies":[{"embeddable":true,"href":"https:\/\/hostnetart.com.br\/baixada\/wp-json\/wp\/v2\/comments?post=13005"}],"version-history":[{"count":0,"href":"https:\/\/hostnetart.com.br\/baixada\/wp-json\/wp\/v2\/posts\/13005\/revisions"}],"wp:featuredmedia":[{"embeddable":true,"href":"https:\/\/hostnetart.com.br\/baixada\/wp-json\/wp\/v2\/media\/13004"}],"wp:attachment":[{"href":"https:\/\/hostnetart.com.br\/baixada\/wp-json\/wp\/v2\/media?parent=13005"}],"wp:term":[{"taxonomy":"category","embeddable":true,"href":"https:\/\/hostnetart.com.br\/baixada\/wp-json\/wp\/v2\/categories?post=13005"},{"taxonomy":"post_tag","embeddable":true,"href":"https:\/\/hostnetart.com.br\/baixada\/wp-json\/wp\/v2\/tags?post=13005"}],"curies":[{"name":"wp","href":"https:\/\/api.w.org\/{rel}","templated":true}]}}