{"id":12998,"date":"2022-08-16T14:05:33","date_gmt":"2022-08-16T17:05:33","guid":{"rendered":"https:\/\/hostnetart.com.br\/baixada\/sindicato-dos-bancarios-da-baixada-fluminense-reintegra-mais-um-funcionario-do-bradesco-2\/"},"modified":"2022-08-16T14:05:33","modified_gmt":"2022-08-16T17:05:33","slug":"sindicato-dos-bancarios-da-baixada-fluminense-reintegra-mais-um-funcionario-do-bradesco-2","status":"publish","type":"post","link":"https:\/\/hostnetart.com.br\/baixada\/sindicato-dos-bancarios-da-baixada-fluminense-reintegra-mais-um-funcionario-do-bradesco-2\/","title":{"rendered":"Sindicato dos Banc\u00e1rios da Baixada Fluminense reintegra mais um funcion\u00e1rio do Bradesco"},"content":{"rendered":"<p>Mais uma reintegra\u00e7\u00e3o!\u00a0<\/p>\n<p>Nesta\u00a0ter\u00e7a-feira, 16 de\u00a0agosto, o Sindicato dos Banc\u00e1rios da Baixada Fluminense reintegrou\u00a0mais um funcion\u00e1rio do Banco Bradesco.<\/p>\n<p>Jo\u00e3o Marcos Periss\u00e9 foi reintegrado na ag\u00eancia 1284, em Santa Cruz da Serra.<\/p>\n<p>A reintegra\u00e7\u00e3o foi acompanhada pelo diretor Newton Fran\u00e7a.<\/p>\n<p>&#8220;\u00c9 bom ressaltarmos a compet\u00eancia e qualidade do nosso departamento de sa\u00fade e do departamento jur\u00eddico, que vem trabalhando incessantemente para diminuir as injusti\u00e7as praticadas contra trabalhadores e trabalhadoras banc\u00e1rias. E agradecer a confian\u00e7a do banc\u00e1rio em nosso Sindicato. \u00c9 uma honra para a entidade, atender o banc\u00e1rio da melhor maneira e, principalmente, atingir o objetivo tra\u00e7ado que, desta vez, foi a reintegra\u00e7\u00e3o&#8221;, declarou Newton.<\/p>\n<p>O banc\u00e1rio foi demitido em plena pandemia do novo coronav\u00edrus, contrariando o compromisso de n\u00e3o demiss\u00e3o que os grandes bancos assumiram.<\/p>\n<p>Jo\u00e3o Marcos \u00e9 sindicalizado e, logo ap\u00f3s seu desligamento, procurou atendimento no Sindicato dos Banc\u00e1rios da Baixada Fluminense, onde foi prontamente atendido pelos Departamentos Jur\u00eddico e de Sa\u00fade.<\/p>\n<p><span style=\"text-decoration: underline;\">IMPORTANTE<\/span><\/p>\n<p>\u00c9 fundamental que banc\u00e1rias e banc\u00e1rios, logo que sejam informados de suas demiss\u00f5es, procurem imediatamente atendimento no Sindicato.<\/p>\n<div class=\"itemFullText\">\n<p><strong>SINDICALIZE-SE<\/strong><\/p>\n<p><strong>\u00a0<\/strong><\/p>\n<\/div>\n","protected":false},"excerpt":{"rendered":"<p>Mais uma reintegra\u00e7\u00e3o!\u00a0 Nesta\u00a0ter\u00e7a-feira, 16 de\u00a0agosto, o Sindicato dos Banc\u00e1rios da Baixada Fluminense reintegrou\u00a0mais um funcion\u00e1rio do Banco Bradesco. Jo\u00e3o Marcos Periss\u00e9 foi reintegrado na ag\u00eancia 1284, em Santa Cruz da Serra. A reintegra\u00e7\u00e3o foi acompanhada pelo diretor Newton Fran\u00e7a. &#8220;\u00c9 bom ressaltarmos a compet\u00eancia e qualidade do nosso departamento de sa\u00fade e do departamento [&hellip;]<\/p>\n","protected":false},"author":2,"featured_media":12997,"comment_status":"","ping_status":"","sticky":false,"template":"","format":"standard","meta":{"footnotes":""},"categories":[3],"tags":[],"class_list":["post-12998","post","type-post","status-publish","format-standard","has-post-thumbnail","hentry","category-noticias"],"_links":{"self":[{"href":"https:\/\/hostnetart.com.br\/baixada\/wp-json\/wp\/v2\/posts\/12998","targetHints":{"allow":["GET"]}}],"collection":[{"href":"https:\/\/hostnetart.com.br\/baixada\/wp-json\/wp\/v2\/posts"}],"about":[{"href":"https:\/\/hostnetart.com.br\/baixada\/wp-json\/wp\/v2\/types\/post"}],"author":[{"embeddable":true,"href":"https:\/\/hostnetart.com.br\/baixada\/wp-json\/wp\/v2\/users\/2"}],"replies":[{"embeddable":true,"href":"https:\/\/hostnetart.com.br\/baixada\/wp-json\/wp\/v2\/comments?post=12998"}],"version-history":[{"count":0,"href":"https:\/\/hostnetart.com.br\/baixada\/wp-json\/wp\/v2\/posts\/12998\/revisions"}],"wp:featuredmedia":[{"embeddable":true,"href":"https:\/\/hostnetart.com.br\/baixada\/wp-json\/wp\/v2\/media\/12997"}],"wp:attachment":[{"href":"https:\/\/hostnetart.com.br\/baixada\/wp-json\/wp\/v2\/media?parent=12998"}],"wp:term":[{"taxonomy":"category","embeddable":true,"href":"https:\/\/hostnetart.com.br\/baixada\/wp-json\/wp\/v2\/categories?post=12998"},{"taxonomy":"post_tag","embeddable":true,"href":"https:\/\/hostnetart.com.br\/baixada\/wp-json\/wp\/v2\/tags?post=12998"}],"curies":[{"name":"wp","href":"https:\/\/api.w.org\/{rel}","templated":true}]}}