{"id":12994,"date":"2022-08-15T18:58:59","date_gmt":"2022-08-15T21:58:59","guid":{"rendered":"https:\/\/hostnetart.com.br\/baixada\/bancarios-cobram-da-fenaban-proposta-de-combate-ao-assedio-moral\/"},"modified":"2022-08-15T18:58:59","modified_gmt":"2022-08-15T21:58:59","slug":"bancarios-cobram-da-fenaban-proposta-de-combate-ao-assedio-moral","status":"publish","type":"post","link":"https:\/\/hostnetart.com.br\/baixada\/bancarios-cobram-da-fenaban-proposta-de-combate-ao-assedio-moral\/","title":{"rendered":"Banc\u00e1rios cobram da Fenaban proposta de combate ao ass\u00e9dio moral"},"content":{"rendered":"<p>O Comando Nacional dos Banc\u00e1rios debateu, nesta segunda-feira (15), com a Federa\u00e7\u00e3o Nacional dos Bancos (Fenaban), sobre o estabelecimento de metas inating\u00edveis e a cobran\u00e7a abusiva pelo seu cumprimento. \u201cAt\u00e9 o levantamento apresentado pelos bancos constata maior adoecimento mental e f\u00edsico dos banc\u00e1rios na compara\u00e7\u00e3o com outras categorias. Precisamos acabar com os geradores do adoecimento que, sabemos, est\u00e1 ligado ao ass\u00e9dio moral e \u00e0 cobran\u00e7a abusiva de cumprimento de metas inating\u00edveis\u201d, disse a presidenta da Confedera\u00e7\u00e3o Nacional dos Trabalhadores do Ramo Financeiro (Contraf-CUT), Juvandia Moreira, que \u00e9 coordenadora do Comando Nacional dos Banc\u00e1rios. \u201cMas, os bancos insistem que o adoecimento n\u00e3o tem origem na cobran\u00e7a de metas\u201d, diz.<\/p>\n<p>A consultoria contratada pela Fenaban apresentou dados com base em n\u00fameros dos pr\u00f3prios bancos. \u201c\u00c9 claro que os n\u00fameros dos Recursos Humanos dos bancos n\u00e3o v\u00e3o apontar as metas como causa do adoecimento. N\u00f3s ouvimos a categoria, que disse o contr\u00e1rio. As metas s\u00e3o sim a principal causa do adoecimento\u201d, disse a presidenta do Sindicato dos Banc\u00e1rios de S\u00e3o Paulo, Osasco e Regi\u00e3o (Seeb\/SP), Ivone Silva, ao lembrar da Consulta Nacional 2022, respondida por mais de 35 mil banc\u00e1rios, dos quais 77% acredita que a cobran\u00e7a excessiva pelo cumprimento de metas causam cansa\u00e7o, fadiga e preocupa\u00e7\u00e3o constante; 54% dizem que causa desmotiva\u00e7\u00e3o, vontade de n\u00e3o ir trabalhar, medo de estourar; 51% diz causar dor, formigamento nos ombros, bra\u00e7os ou m\u00e3os; 44% que causa crise de ansiedade e p\u00e2nico.<\/p>\n<p>\u201cAs metas s\u00e3o estabelecidas de cima para baixo e existe muita press\u00e3o para que elas sejam atingidas\u201d, observou o secret\u00e1rio de Sa\u00fade do Trabalhador da Contraf-CUT, Mauro Salles. \u201cAs banc\u00e1rias e os banc\u00e1rios n\u00e3o est\u00e3o satisfeitos com a forma como as metas s\u00e3o estabelecidas e cobradas. E muito menos com o aumento dos objetivos a serem atingidos ap\u00f3s o seu cumprimento. \u00c9 aquela hist\u00f3ria de querer mudar a regra do jogo com a partida em andamento\u201d, completou.<\/p>\n<p>O tema volta a ser discutido na pr\u00f3xima rodada de negocia\u00e7\u00f5es, que ser\u00e1 realizada na quinta-feira (18).<\/p>\n<h3><strong>Teletrabalho<\/strong><\/h3>\n<p>Al\u00e9m do debate sobre metas, tamb\u00e9m houve acertos sobre a reda\u00e7\u00e3o de cl\u00e1usulas de teletrabalho, discutidos na\u00a0<a href=\"https:\/\/contrafcut.com.br\/noticias\/teletrabalho-proposta-vai-avancar\" target=\"_blank\" rel=\"noopener noreferrer\">reuni\u00e3o passada<\/a>. A Fenaban analisar\u00e1 as observa\u00e7\u00f5es feitas pelo Comando Nacional dos Banc\u00e1rios e enviar\u00e1 uma nova proposta sobre o tema.<\/p>\n<p><strong>Fonte: Contraf-CUT<\/strong><\/p>\n","protected":false},"excerpt":{"rendered":"<p>O Comando Nacional dos Banc\u00e1rios debateu, nesta segunda-feira (15), com a Federa\u00e7\u00e3o Nacional dos Bancos (Fenaban), sobre o estabelecimento de metas inating\u00edveis e a cobran\u00e7a abusiva pelo seu cumprimento. \u201cAt\u00e9 o levantamento apresentado pelos bancos constata maior adoecimento mental e f\u00edsico dos banc\u00e1rios na compara\u00e7\u00e3o com outras categorias. Precisamos acabar com os geradores do adoecimento [&hellip;]<\/p>\n","protected":false},"author":2,"featured_media":12993,"comment_status":"","ping_status":"","sticky":false,"template":"","format":"standard","meta":{"footnotes":""},"categories":[3],"tags":[],"class_list":["post-12994","post","type-post","status-publish","format-standard","has-post-thumbnail","hentry","category-noticias"],"_links":{"self":[{"href":"https:\/\/hostnetart.com.br\/baixada\/wp-json\/wp\/v2\/posts\/12994","targetHints":{"allow":["GET"]}}],"collection":[{"href":"https:\/\/hostnetart.com.br\/baixada\/wp-json\/wp\/v2\/posts"}],"about":[{"href":"https:\/\/hostnetart.com.br\/baixada\/wp-json\/wp\/v2\/types\/post"}],"author":[{"embeddable":true,"href":"https:\/\/hostnetart.com.br\/baixada\/wp-json\/wp\/v2\/users\/2"}],"replies":[{"embeddable":true,"href":"https:\/\/hostnetart.com.br\/baixada\/wp-json\/wp\/v2\/comments?post=12994"}],"version-history":[{"count":0,"href":"https:\/\/hostnetart.com.br\/baixada\/wp-json\/wp\/v2\/posts\/12994\/revisions"}],"wp:featuredmedia":[{"embeddable":true,"href":"https:\/\/hostnetart.com.br\/baixada\/wp-json\/wp\/v2\/media\/12993"}],"wp:attachment":[{"href":"https:\/\/hostnetart.com.br\/baixada\/wp-json\/wp\/v2\/media?parent=12994"}],"wp:term":[{"taxonomy":"category","embeddable":true,"href":"https:\/\/hostnetart.com.br\/baixada\/wp-json\/wp\/v2\/categories?post=12994"},{"taxonomy":"post_tag","embeddable":true,"href":"https:\/\/hostnetart.com.br\/baixada\/wp-json\/wp\/v2\/tags?post=12994"}],"curies":[{"name":"wp","href":"https:\/\/api.w.org\/{rel}","templated":true}]}}