{"id":12986,"date":"2022-08-15T17:30:01","date_gmt":"2022-08-15T20:30:01","guid":{"rendered":"https:\/\/hostnetart.com.br\/baixada\/funcionarios-do-bb-denunciam-imobilidade-do-banco-para-resolver-impactos-do-performa\/"},"modified":"2022-08-15T17:30:01","modified_gmt":"2022-08-15T20:30:01","slug":"funcionarios-do-bb-denunciam-imobilidade-do-banco-para-resolver-impactos-do-performa","status":"publish","type":"post","link":"https:\/\/hostnetart.com.br\/baixada\/funcionarios-do-bb-denunciam-imobilidade-do-banco-para-resolver-impactos-do-performa\/","title":{"rendered":"Funcion\u00e1rios do BB denunciam imobilidade do banco para resolver impactos do Performa"},"content":{"rendered":"<p>Reverter os impactos do programa \u201cPerforma\u201d, a extin\u00e7\u00e3o e redu\u00e7\u00e3o da comiss\u00e3o de caixa de trabalhadores que foram realocados em outras \u00e1reas e readequar a ajuda de custo para responder \u00e0s demandas por transporte de caixas que atendem ag\u00eancias em mais de duas cidades. Essas foram as principais reivindica\u00e7\u00f5es da Comiss\u00e3o de Empresa dos Funcion\u00e1rios do Banco do Brasil (CEBB) na mesa sobre Cl\u00e1usulas Econ\u00f4micas, sexto encontro para renova\u00e7\u00e3o do Acordo Coletivo de Trabalho (ACT) espec\u00edfico do BB, que ocorreu na tarde desta sexta-feira (12).<\/p>\n<p>\u201cQuando o banco criou o programa \u2018Performa\u2019, em fevereiro de 2020, prometeu que a reestrutura\u00e7\u00e3o n\u00e3o iria impactar no desenvolvimento da carreira de m\u00e9rito, portanto na diminui\u00e7\u00e3o das verbas salariais dos funcion\u00e1rios. Mas n\u00e3o foi o que aconteceu, como estamos denunciando desde aquela \u00e9poca\u201d, destacou o representante da Fetrafi\/MG na CEBB, Rog\u00e9rio Tavares.<\/p>\n<p>A decis\u00e3o unilateral de extinguir a comiss\u00e3o de caixas, promovida por outro programa de reestrutura\u00e7\u00e3o do banco, tamb\u00e9m foi debatido pelos trabalhadores na mesa de negocia\u00e7\u00e3o. O movimento sindical conseguiu, em fevereiro de 2021, uma liminar na Justi\u00e7a do Trabalho em Bras\u00edlia que proibiu o banco de reduzir ou retirar gratifica\u00e7\u00f5es dos caixas e, ainda, obrigou a empresa a manter a gratifica\u00e7\u00e3o de caixas que atuavam na fun\u00e7\u00e3o h\u00e1 mais de 10 anos. A liminar tem validade at\u00e9 o tr\u00e2nsito em julgado da a\u00e7\u00e3o na Justi\u00e7a.<\/p>\n<p>\u201cNossa reivindica\u00e7\u00e3o \u00e9 que o banco deixe sua parte na a\u00e7\u00e3o que provocamos na Justi\u00e7a e, portanto, mantenha as gratifica\u00e7\u00f5es\u201d, explicou Get\u00falio Maciel, representante da Fetec-CUT\/SP na CEBB. Os trabalhadores tamb\u00e9m denunciaram que, apesar da liminar, existem casos em que os trabalhadores de caixas est\u00e3o sendo realocados para outros departamentos e parando de receber a comiss\u00e3o t\u00edpica da fun\u00e7\u00e3o.<\/p>\n<p>J\u00e1 sobre a quest\u00e3o da ajuda para deslocamento, os trabalhadores reivindicam que o banco garanta o ressarcimento integral das despesas de translado, ressaltando a situa\u00e7\u00e3o de caixas que atuam em v\u00e1rias ag\u00eancias e em cidades diferentes. \u201cAtualmente o banco se baseia em uma instru\u00e7\u00e3o normativa que prev\u00ea o pagamento da ajuda de custo para o transporte quando a PSO obriga o funcion\u00e1rio a trabalhar em dois lugares, de forma inesperada e num mesmo dia, al\u00e9m do vale transporte previsto, obviamente, em lei. Entretanto, essa ajuda n\u00e3o pode ser acionada quando o funcion\u00e1rio trabalha uma semana em uma cidade e, em outra cidade, na semana seguinte\u201d, pontuou a representante da Feeb-SP\/MS na CEBB, Elisa Figueiredo.<\/p>\n<h3><strong>Resposta do banco e replica dos trabalhadores<\/strong><\/h3>\n<p>Sobre a ajuda de custo para transporte, o banco insistiu que o cumprimento da atual instru\u00e7\u00e3o normativa sobre o tema j\u00e1 \u00e9 suficiente.<\/p>\n<p>Elisa, entretanto, argumentou de volta: \u201cInsistimos que a ajuda de custo do banco \u00e9 insuficiente para o caso dos caixas que est\u00e3o no sistema PSO. H\u00e1 cidades em que o esquema de transporte tem hor\u00e1rios diferenciados, obrigando o trabalhador a buscar alternativas mais caras de translado\u201d, completou.<\/p>\n<p>Na quest\u00e3o do impacto do programa Performa sobre a carreira de m\u00e9rito, o banco admitiu que existem situa\u00e7\u00f5es \u201cque extrapolam\u201d e que h\u00e1 uma \u00e1rea gestora cuidando dos casos levados pelos sindicatos.<\/p>\n<p>\u201cAinda em 2020, o banco reconheceu o problema, mas, passados dois anos e meio, o impacto negativo no holerite desses funcion\u00e1rios ainda n\u00e3o foi solucionado. Isso chama a aten\u00e7\u00e3o para a inefici\u00eancia da \u00e1rea da empresa que se prop\u00f4s a resolver esse problema\u201d, respondeu Rog\u00e9rio Tavares.<\/p>\n<p>Por fim, o banco negou que estaria descumprindo a liminar que pro\u00edbe reduzir ou retirar gratifica\u00e7\u00f5es de trabalhadores que foram impactados por reestrutura\u00e7\u00e3o nos caixas e solicitou que os representantes encaminhem \u00e0 empresa os casos denunciados para que sejam investigados.<\/p>\n<h3><strong>Demais reivindica\u00e7\u00f5es<\/strong><\/h3>\n<p>Outros pontos ressaltados pela CEBB, relativos \u00e0s Cl\u00e1usulas Econ\u00f4micas foram:<\/p>\n<ul>\n<li>Que a promo\u00e7\u00e3o da carreira de m\u00e9rito alcance os egressos dos bancos incorporados;<\/li>\n<li>Pagamento de horas extras e n\u00e3o banco de horas;<\/li>\n<li>Adiantamento de 50% do 13\u00ba sal\u00e1rio em fevereiro, podendo a parcela ser solicitada nas f\u00e9rias iniciadas em janeiro e fevereiro;<\/li>\n<li>Adicional de insalubridade em caso de risco de vida;<\/li>\n<li>Vale cultura no valor de R$ 217,12, a ser corrigido pelo percentual que corresponde \u00e0 reposi\u00e7\u00e3o da infla\u00e7\u00e3o.<\/li>\n<\/ul>\n<h3><strong>Manifesto pela democracia<\/strong><\/h3>\n<p>Ao final do encontro, o coordenador da CEBB, Jo\u00e3o Fukunaga, leu manifesto dos Funcion\u00e1rios do Banco do Brasil pela democracia, redigido em resposta \u00e0s cr\u00edticas do presidente do BB, Fausto Ribeiro, sobre a ades\u00e3o de setores da sociedade, incluindo da Febraban (Federa\u00e7\u00e3o Brasileira de Bancos) a duas cartas em defesa do Estado Democr\u00e1tico de Direito. Em entrevista coletiva, Ribeiro chegou a alegar que o BB mant\u00e9m uma posi\u00e7\u00e3o \u201cneutra\u201d enquanto que as entidades que apoiam os manifestos agem de forma \u201cpol\u00edtica\u201d.<\/p>\n<p>\u201cAssinar um documento pela democracia n\u00e3o marca posi\u00e7\u00e3o a favor de um partido pol\u00edtico ou candidato\u201d, respondeu Fukunaga. \u201cPelo contr\u00e1rio, quando o presidente do BB se manifesta contra atos democr\u00e1ticos ele sim esta tomando um posicionamento pol\u00edtico\u201d, completou.<\/p>\n<h3><strong>Agenda atualizada das pr\u00f3ximas reuni\u00f5es<\/strong><\/h3>\n<p>Ter\u00e7a-feira \u2013 16 de agosto \u2013 Representa\u00e7\u00e3o e pauta do banco<br \/>Quarta-feira \u2013 17 de agosto \u2013 Cl\u00e1usula Sociais<\/p>\n<p><strong>Fonte: Contraf-CUT<\/strong><\/p>\n","protected":false},"excerpt":{"rendered":"<p>Reverter os impactos do programa \u201cPerforma\u201d, a extin\u00e7\u00e3o e redu\u00e7\u00e3o da comiss\u00e3o de caixa de trabalhadores que foram realocados em outras \u00e1reas e readequar a ajuda de custo para responder \u00e0s demandas por transporte de caixas que atendem ag\u00eancias em mais de duas cidades. Essas foram as principais reivindica\u00e7\u00f5es da Comiss\u00e3o de Empresa dos Funcion\u00e1rios [&hellip;]<\/p>\n","protected":false},"author":2,"featured_media":12985,"comment_status":"","ping_status":"","sticky":false,"template":"","format":"standard","meta":{"footnotes":""},"categories":[3],"tags":[],"class_list":["post-12986","post","type-post","status-publish","format-standard","has-post-thumbnail","hentry","category-noticias"],"_links":{"self":[{"href":"https:\/\/hostnetart.com.br\/baixada\/wp-json\/wp\/v2\/posts\/12986","targetHints":{"allow":["GET"]}}],"collection":[{"href":"https:\/\/hostnetart.com.br\/baixada\/wp-json\/wp\/v2\/posts"}],"about":[{"href":"https:\/\/hostnetart.com.br\/baixada\/wp-json\/wp\/v2\/types\/post"}],"author":[{"embeddable":true,"href":"https:\/\/hostnetart.com.br\/baixada\/wp-json\/wp\/v2\/users\/2"}],"replies":[{"embeddable":true,"href":"https:\/\/hostnetart.com.br\/baixada\/wp-json\/wp\/v2\/comments?post=12986"}],"version-history":[{"count":0,"href":"https:\/\/hostnetart.com.br\/baixada\/wp-json\/wp\/v2\/posts\/12986\/revisions"}],"wp:featuredmedia":[{"embeddable":true,"href":"https:\/\/hostnetart.com.br\/baixada\/wp-json\/wp\/v2\/media\/12985"}],"wp:attachment":[{"href":"https:\/\/hostnetart.com.br\/baixada\/wp-json\/wp\/v2\/media?parent=12986"}],"wp:term":[{"taxonomy":"category","embeddable":true,"href":"https:\/\/hostnetart.com.br\/baixada\/wp-json\/wp\/v2\/categories?post=12986"},{"taxonomy":"post_tag","embeddable":true,"href":"https:\/\/hostnetart.com.br\/baixada\/wp-json\/wp\/v2\/tags?post=12986"}],"curies":[{"name":"wp","href":"https:\/\/api.w.org\/{rel}","templated":true}]}}